{"id":42911,"date":"2026-08-30T19:44:00","date_gmt":"2026-08-30T17:44:00","guid":{"rendered":"https:\/\/fatenis.com\/tenisandalucia\/?p=42911"},"modified":"2026-08-30T19:44:00","modified_gmt":"2026-08-30T17:44:00","slug":"andalucia-vuelve-a-la-batalla-por-el-titulo-en-el-campeonato-de-espana-infantil-por-comunidades-autonomas","status":"publish","type":"post","link":"https:\/\/fatenis.com\/tenisandalucia\/andalucia-vuelve-a-la-batalla-por-el-titulo-en-el-campeonato-de-espana-infantil-por-comunidades-autonomas\/","title":{"rendered":"Andaluc\u00eda vuelve a la batalla por el t\u00edtulo en el Campeonato de Espa\u00f1a Infantil por Comunidades Aut\u00f3nomas"},"content":{"rendered":"<p>La <strong>selecci\u00f3n andaluza masculina y femenina<\/strong> ya se encuentra en la <strong>Ferrero Tennis Academy, en Villena (Alicante)<\/strong>, para disputar una nueva edici\u00f3n del <strong>Campeonato de Espa\u00f1a de Tenis de Selecciones Infantiles por Comunidades Aut\u00f3nomas.<\/strong><\/p>\n<p><strong>Andaluc\u00eda<\/strong> afronta la competici\u00f3n con dos equipos que representar\u00e1n a la comunidad en una de las grandes citas del tenis nacional.<\/p>\n<p>La <strong>selecci\u00f3n femenina<\/strong> estar\u00e1 integrada por <strong>Claudia Valero, Olga Garc\u00eda y Martina Sim\u00f3n<\/strong>, mientras que el <strong>equipo masculino<\/strong> estar\u00e1 formado por <strong>V\u00edctor Linares, Alberto Pe\u00f1a y Leo Vida\u00f1a.<\/strong><\/p>\n<p>Al frente de ambas selecciones estar\u00e1n los <strong>capitanes Ful Tello y David Clavero<\/strong>.<\/p>\n<p>&nbsp;<\/p>\n<p><strong>UN HISTORIAL QUE AVALA A ANDALUC\u00cdA<\/strong><\/p>\n<p>La <strong>participaci\u00f3n andaluza en este Campeonato de Espa\u00f1a<\/strong> llega respaldada por un <strong>destacado historial de resultados<\/strong>.<\/p>\n<p>En <strong>categor\u00eda masculina<\/strong>, <strong>Andaluc\u00eda<\/strong> ha conquistado el <strong>t\u00edtulo en 2001, 2007 y 2023<\/strong>, adem\u00e1s de lograr los <strong>subcampeonatos en 2005, 2013, 2015, 2019 y 2021.<\/strong><\/p>\n<p>En <strong>categor\u00eda femenina<\/strong>, la <strong>selecci\u00f3n andaluza ha sido campeona en 2007 y 2024<\/strong>, y <strong>subcampeona en 2009, 2010, 2016 y 2017.<\/strong><\/p>\n<p>Precisamente, el \u00faltimo t\u00edtulo conseguido por <strong>Andaluc\u00eda<\/strong> lleg\u00f3 en el <strong>2024<\/strong>, cuando fue la selecci\u00f3n femenina la que logr\u00f3 proclamarse campeona.<\/p>\n<p><strong>Andaluc\u00eda<\/strong> regresa a Villena con la ilusi\u00f3n de volver a pelear por los puestos de honor y continuar ampliando un palmar\u00e9s que refleja el buen momento del tenis andaluz.<\/p>\n<p>&nbsp;<\/p>\n<p><strong>COMPETIR COMO ANDALUC\u00cdA<\/strong><\/p>\n<p>M\u00e1s all\u00e1 de los resultados individuales, el <strong>Campeonato de Espa\u00f1a por Comunidades Auton\u00f3mas<\/strong> representa una <strong>oportunidad para que los j\u00f3venes tenistas defiendan los colores de Andaluc\u00eda y vivan la experiencia de competir formando parte de una selecci\u00f3n.<\/strong><\/p>\n<p>Durante los pr\u00f3ximos d\u00edas, la <strong>Ferrero Tennis Academy<\/strong> reunir\u00e1 a las <strong>mejores raquetas infantiles del pa\u00eds<\/strong>.<\/p>\n<p><strong>Claudia Valero, Olga Garc\u00eda, Martina Sim\u00f3n, V\u00edctor Linares, Alberto Pe\u00f1a y Leo Vida\u00f1a<\/strong> ya est\u00e1n preparados para el reto.<\/p>\n<p><strong>Andaluc\u00eda<\/strong> vuelve a la pista con la ambici\u00f3n de competir, disfrutar y luchar por lo m\u00e1ximo.<\/p>\n<p>&nbsp;<\/p>\n","protected":false},"excerpt":{"rendered":"<p>La selecci\u00f3n andaluza masculina y femenina ya se encuentra en la Ferrero Tennis Academy, en Villena (Alicante), para disputar una nueva edici\u00f3n del Campeonato de Espa\u00f1a de Tenis de Selecciones Infantiles por Comunidades Aut\u00f3nomas. Andaluc\u00eda afronta la competici\u00f3n con dos equipos que representar\u00e1n a la comunidad en una de las grandes citas del tenis nacional. [&hellip;]<\/p>\n","protected":false},"author":17,"featured_media":42912,"comment_status":"closed","ping_status":"closed","sticky":false,"template":"","format":"standard","meta":{"_acf_changed":false,"_monsterinsights_skip_tracking":false,"footnotes":""},"categories":[12],"tags":[623,175],"class_list":["post-42911","post","type-post","status-publish","format-standard","has-post-thumbnail","hentry","category-noticias-general","tag-campeonato-de-espana-por-comunidades-autonomas","tag-comunidades-autonomas"],"acf":[],"yoast_head":"<!-- This site is optimized with the Yoast SEO plugin v28.3 - https:\/\/yoast.com\/product\/yoast-seo-wordpress\/ -->\n<title>Andaluc\u00eda vuelve a la batalla por el t\u00edtulo en el Campeonato de Espa\u00f1a Infantil por Comunidades Aut\u00f3nomas &#8226; Federaci\u00f3n Andaluza de Tenis<\/title>\n<meta name=\"description\" content=\"Andaluc\u00eda afronta el Campeonato de Espa\u00f1a Infantil por Comunidades Aut\u00f3nomas en la Ferrero Tennis Academy con sus selecciones masculina y femenina\" \/>\n<meta name=\"robots\" content=\"index, follow, max-snippet:-1, max-image-preview:large, max-video-preview:-1\" \/>\n<link rel=\"canonical\" href=\"https:\/\/fatenis.com\/tenisandalucia\/andalucia-vuelve-a-la-batalla-por-el-titulo-en-el-campeonato-de-espana-infantil-por-comunidades-autonomas\/\" \/>\n<meta property=\"og:locale\" content=\"es_ES\" \/>\n<meta property=\"og:type\" content=\"article\" \/>\n<meta property=\"og:title\" content=\"Andaluc\u00eda vuelve a la batalla por el t\u00edtulo en el Campeonato de Espa\u00f1a Infantil por Comunidades Aut\u00f3nomas\" \/>\n<meta property=\"og:description\" content=\"Andaluc\u00eda afronta el Campeonato de Espa\u00f1a Infantil por Comunidades Aut\u00f3nomas en la Ferrero Tennis Academy con sus selecciones masculina y femenina\" \/>\n<meta property=\"og:url\" content=\"https:\/\/fatenis.com\/tenisandalucia\/andalucia-vuelve-a-la-batalla-por-el-titulo-en-el-campeonato-de-espana-infantil-por-comunidades-autonomas\/\" \/>\n<meta property=\"og:site_name\" content=\"Federaci\u00f3n Andaluza de Tenis\" \/>\n<meta property=\"article:author\" content=\"fatenis\" \/>\n<meta property=\"article:published_time\" content=\"2026-08-30T17:44:00+00:00\" \/>\n<meta property=\"og:image\" content=\"https:\/\/fatenis.com\/tenisandalucia\/wp-content\/uploads\/2026\/08\/20260831-infantil-comunidades-andalucia-06-1200.jpg\" \/>\n\t<meta property=\"og:image:width\" content=\"1200\" \/>\n\t<meta property=\"og:image:height\" content=\"900\" \/>\n\t<meta property=\"og:image:type\" content=\"image\/jpeg\" \/>\n<meta name=\"author\" content=\"Guillermo A. L\u00f3pez Calero\" \/>\n<meta name=\"twitter:card\" content=\"summary_large_image\" \/>\n<meta name=\"twitter:title\" content=\"Andaluc\u00eda vuelve a la batalla por el t\u00edtulo en el Campeonato de Espa\u00f1a Infantil por Comunidades Aut\u00f3nomas\" \/>\n<meta name=\"twitter:description\" content=\"Andaluc\u00eda afronta el Campeonato de Espa\u00f1a Infantil por Comunidades Aut\u00f3nomas en la Ferrero Tennis Academy con sus selecciones masculina y femenina\" \/>\n<meta name=\"twitter:image\" content=\"https:\/\/fatenis.com\/tenisandalucia\/wp-content\/uploads\/2026\/08\/20260831-infantil-comunidades-andalucia-06-1200.jpg\" \/>\n<meta name=\"twitter:creator\" content=\"@fattenis\" \/>\n<meta name=\"twitter:label1\" content=\"Escrito por\" \/>\n\t<meta name=\"twitter:data1\" content=\"Guillermo A. L\u00f3pez Calero\" \/>\n\t<meta name=\"twitter:label2\" content=\"Tiempo de lectura\" \/>\n\t<meta name=\"twitter:data2\" content=\"2 minutos\" \/>\n<script type=\"application\/ld+json\" class=\"yoast-schema-graph\">{\"@context\":\"https:\\\/\\\/schema.org\",\"@graph\":[{\"@type\":\"Article\",\"@id\":\"https:\\\/\\\/fatenis.com\\\/tenisandalucia\\\/andalucia-vuelve-a-la-batalla-por-el-titulo-en-el-campeonato-de-espana-infantil-por-comunidades-autonomas\\\/#article\",\"isPartOf\":{\"@id\":\"https:\\\/\\\/fatenis.com\\\/tenisandalucia\\\/andalucia-vuelve-a-la-batalla-por-el-titulo-en-el-campeonato-de-espana-infantil-por-comunidades-autonomas\\\/\"},\"author\":{\"name\":\"Guillermo A. L\u00f3pez Calero\",\"@id\":\"https:\\\/\\\/fatenis.com\\\/tenisandalucia\\\/#\\\/schema\\\/person\\\/6e4f9e148a5709ff48ce4a4a71de76d0\"},\"headline\":\"Andaluc\u00eda vuelve a la batalla por el t\u00edtulo en el Campeonato de Espa\u00f1a Infantil por Comunidades Aut\u00f3nomas\",\"datePublished\":\"2026-08-30T17:44:00+00:00\",\"mainEntityOfPage\":{\"@id\":\"https:\\\/\\\/fatenis.com\\\/tenisandalucia\\\/andalucia-vuelve-a-la-batalla-por-el-titulo-en-el-campeonato-de-espana-infantil-por-comunidades-autonomas\\\/\"},\"wordCount\":362,\"image\":{\"@id\":\"https:\\\/\\\/fatenis.com\\\/tenisandalucia\\\/andalucia-vuelve-a-la-batalla-por-el-titulo-en-el-campeonato-de-espana-infantil-por-comunidades-autonomas\\\/#primaryimage\"},\"thumbnailUrl\":\"https:\\\/\\\/fatenis.com\\\/tenisandalucia\\\/wp-content\\\/uploads\\\/2026\\\/08\\\/20260831-infantil-comunidades-andalucia-06-1200.jpg\",\"keywords\":[\"Campeonato de Espa\u00f1a por Comunidades Aut\u00f3nomas\",\"Comunidades Aut\u00f3nomas\"],\"articleSection\":[\"Noticias General\"],\"inLanguage\":\"es\"},{\"@type\":\"WebPage\",\"@id\":\"https:\\\/\\\/fatenis.com\\\/tenisandalucia\\\/andalucia-vuelve-a-la-batalla-por-el-titulo-en-el-campeonato-de-espana-infantil-por-comunidades-autonomas\\\/\",\"url\":\"https:\\\/\\\/fatenis.com\\\/tenisandalucia\\\/andalucia-vuelve-a-la-batalla-por-el-titulo-en-el-campeonato-de-espana-infantil-por-comunidades-autonomas\\\/\",\"name\":\"Andaluc\u00eda vuelve a la batalla por el t\u00edtulo en el Campeonato de Espa\u00f1a Infantil por Comunidades Aut\u00f3nomas &#8226; Federaci\u00f3n Andaluza de Tenis\",\"isPartOf\":{\"@id\":\"https:\\\/\\\/fatenis.com\\\/tenisandalucia\\\/#website\"},\"primaryImageOfPage\":{\"@id\":\"https:\\\/\\\/fatenis.com\\\/tenisandalucia\\\/andalucia-vuelve-a-la-batalla-por-el-titulo-en-el-campeonato-de-espana-infantil-por-comunidades-autonomas\\\/#primaryimage\"},\"image\":{\"@id\":\"https:\\\/\\\/fatenis.com\\\/tenisandalucia\\\/andalucia-vuelve-a-la-batalla-por-el-titulo-en-el-campeonato-de-espana-infantil-por-comunidades-autonomas\\\/#primaryimage\"},\"thumbnailUrl\":\"https:\\\/\\\/fatenis.com\\\/tenisandalucia\\\/wp-content\\\/uploads\\\/2026\\\/08\\\/20260831-infantil-comunidades-andalucia-06-1200.jpg\",\"datePublished\":\"2026-08-30T17:44:00+00:00\",\"author\":{\"@id\":\"https:\\\/\\\/fatenis.com\\\/tenisandalucia\\\/#\\\/schema\\\/person\\\/6e4f9e148a5709ff48ce4a4a71de76d0\"},\"description\":\"Andaluc\u00eda afronta el Campeonato de Espa\u00f1a Infantil por Comunidades Aut\u00f3nomas en la Ferrero Tennis Academy con sus selecciones masculina y femenina\",\"breadcrumb\":{\"@id\":\"https:\\\/\\\/fatenis.com\\\/tenisandalucia\\\/andalucia-vuelve-a-la-batalla-por-el-titulo-en-el-campeonato-de-espana-infantil-por-comunidades-autonomas\\\/#breadcrumb\"},\"inLanguage\":\"es\",\"potentialAction\":[{\"@type\":\"ReadAction\",\"target\":[\"https:\\\/\\\/fatenis.com\\\/tenisandalucia\\\/andalucia-vuelve-a-la-batalla-por-el-titulo-en-el-campeonato-de-espana-infantil-por-comunidades-autonomas\\\/\"]}]},{\"@type\":\"ImageObject\",\"inLanguage\":\"es\",\"@id\":\"https:\\\/\\\/fatenis.com\\\/tenisandalucia\\\/andalucia-vuelve-a-la-batalla-por-el-titulo-en-el-campeonato-de-espana-infantil-por-comunidades-autonomas\\\/#primaryimage\",\"url\":\"https:\\\/\\\/fatenis.com\\\/tenisandalucia\\\/wp-content\\\/uploads\\\/2026\\\/08\\\/20260831-infantil-comunidades-andalucia-06-1200.jpg\",\"contentUrl\":\"https:\\\/\\\/fatenis.com\\\/tenisandalucia\\\/wp-content\\\/uploads\\\/2026\\\/08\\\/20260831-infantil-comunidades-andalucia-06-1200.jpg\",\"width\":1200,\"height\":900,\"caption\":\"Selecciones Andaluzas en el Campeonato de Espa\u00f1a Infantil por Comunidades Aut\u00f3nomas\"},{\"@type\":\"BreadcrumbList\",\"@id\":\"https:\\\/\\\/fatenis.com\\\/tenisandalucia\\\/andalucia-vuelve-a-la-batalla-por-el-titulo-en-el-campeonato-de-espana-infantil-por-comunidades-autonomas\\\/#breadcrumb\",\"itemListElement\":[{\"@type\":\"ListItem\",\"position\":1,\"name\":\"Portada\",\"item\":\"https:\\\/\\\/fatenis.com\\\/tenisandalucia\\\/\"},{\"@type\":\"ListItem\",\"position\":2,\"name\":\"Andaluc\u00eda vuelve a la batalla por el t\u00edtulo en el Campeonato de Espa\u00f1a Infantil por Comunidades Aut\u00f3nomas\"}]},{\"@type\":\"WebSite\",\"@id\":\"https:\\\/\\\/fatenis.com\\\/tenisandalucia\\\/#website\",\"url\":\"https:\\\/\\\/fatenis.com\\\/tenisandalucia\\\/\",\"name\":\"Federaci\u00f3n Andaluza de Tenis\",\"description\":\"#TenisAndaluc\u00eda\",\"potentialAction\":[{\"@type\":\"SearchAction\",\"target\":{\"@type\":\"EntryPoint\",\"urlTemplate\":\"https:\\\/\\\/fatenis.com\\\/tenisandalucia\\\/?s={search_term_string}\"},\"query-input\":{\"@type\":\"PropertyValueSpecification\",\"valueRequired\":true,\"valueName\":\"search_term_string\"}}],\"inLanguage\":\"es\"},{\"@type\":\"Person\",\"@id\":\"https:\\\/\\\/fatenis.com\\\/tenisandalucia\\\/#\\\/schema\\\/person\\\/6e4f9e148a5709ff48ce4a4a71de76d0\",\"name\":\"Guillermo A. L\u00f3pez Calero\",\"image\":{\"@type\":\"ImageObject\",\"inLanguage\":\"es\",\"@id\":\"https:\\\/\\\/secure.gravatar.com\\\/avatar\\\/56986b4f3245232ee91ac6393808a5f8b12befd5887a0edc806307e113101986?s=96&d=mm&r=g\",\"url\":\"https:\\\/\\\/secure.gravatar.com\\\/avatar\\\/56986b4f3245232ee91ac6393808a5f8b12befd5887a0edc806307e113101986?s=96&d=mm&r=g\",\"contentUrl\":\"https:\\\/\\\/secure.gravatar.com\\\/avatar\\\/56986b4f3245232ee91ac6393808a5f8b12befd5887a0edc806307e113101986?s=96&d=mm&r=g\",\"caption\":\"Guillermo A. L\u00f3pez Calero\"},\"sameAs\":[\"fatenis\",\"fattenis\",\"https:\\\/\\\/x.com\\\/fattenis\"],\"url\":\"https:\\\/\\\/fatenis.com\\\/tenisandalucia\\\/author\\\/rrss\\\/\"}]}<\/script>\n<!-- \/ Yoast SEO plugin. -->","yoast_head_json":{"title":"Andaluc\u00eda vuelve a la batalla por el t\u00edtulo en el Campeonato de Espa\u00f1a Infantil por Comunidades Aut\u00f3nomas &#8226; Federaci\u00f3n Andaluza de Tenis","description":"Andaluc\u00eda afronta el Campeonato de Espa\u00f1a Infantil por Comunidades Aut\u00f3nomas en la Ferrero Tennis Academy con sus selecciones masculina y femenina","robots":{"index":"index","follow":"follow","max-snippet":"max-snippet:-1","max-image-preview":"max-image-preview:large","max-video-preview":"max-video-preview:-1"},"canonical":"https:\/\/fatenis.com\/tenisandalucia\/andalucia-vuelve-a-la-batalla-por-el-titulo-en-el-campeonato-de-espana-infantil-por-comunidades-autonomas\/","og_locale":"es_ES","og_type":"article","og_title":"Andaluc\u00eda vuelve a la batalla por el t\u00edtulo en el Campeonato de Espa\u00f1a Infantil por Comunidades Aut\u00f3nomas","og_description":"Andaluc\u00eda afronta el Campeonato de Espa\u00f1a Infantil por Comunidades Aut\u00f3nomas en la Ferrero Tennis Academy con sus selecciones masculina y femenina","og_url":"https:\/\/fatenis.com\/tenisandalucia\/andalucia-vuelve-a-la-batalla-por-el-titulo-en-el-campeonato-de-espana-infantil-por-comunidades-autonomas\/","og_site_name":"Federaci\u00f3n Andaluza de Tenis","article_author":"fatenis","article_published_time":"2026-08-30T17:44:00+00:00","og_image":[{"width":1200,"height":900,"url":"https:\/\/fatenis.com\/tenisandalucia\/wp-content\/uploads\/2026\/08\/20260831-infantil-comunidades-andalucia-06-1200.jpg","type":"image\/jpeg"}],"author":"Guillermo A. L\u00f3pez Calero","twitter_card":"summary_large_image","twitter_title":"Andaluc\u00eda vuelve a la batalla por el t\u00edtulo en el Campeonato de Espa\u00f1a Infantil por Comunidades Aut\u00f3nomas","twitter_description":"Andaluc\u00eda afronta el Campeonato de Espa\u00f1a Infantil por Comunidades Aut\u00f3nomas en la Ferrero Tennis Academy con sus selecciones masculina y femenina","twitter_image":"https:\/\/fatenis.com\/tenisandalucia\/wp-content\/uploads\/2026\/08\/20260831-infantil-comunidades-andalucia-06-1200.jpg","twitter_creator":"@fattenis","twitter_misc":{"Escrito por":"Guillermo A. L\u00f3pez Calero","Tiempo de lectura":"2 minutos"},"schema":{"@context":"https:\/\/schema.org","@graph":[{"@type":"Article","@id":"https:\/\/fatenis.com\/tenisandalucia\/andalucia-vuelve-a-la-batalla-por-el-titulo-en-el-campeonato-de-espana-infantil-por-comunidades-autonomas\/#article","isPartOf":{"@id":"https:\/\/fatenis.com\/tenisandalucia\/andalucia-vuelve-a-la-batalla-por-el-titulo-en-el-campeonato-de-espana-infantil-por-comunidades-autonomas\/"},"author":{"name":"Guillermo A. L\u00f3pez Calero","@id":"https:\/\/fatenis.com\/tenisandalucia\/#\/schema\/person\/6e4f9e148a5709ff48ce4a4a71de76d0"},"headline":"Andaluc\u00eda vuelve a la batalla por el t\u00edtulo en el Campeonato de Espa\u00f1a Infantil por Comunidades Aut\u00f3nomas","datePublished":"2026-08-30T17:44:00+00:00","mainEntityOfPage":{"@id":"https:\/\/fatenis.com\/tenisandalucia\/andalucia-vuelve-a-la-batalla-por-el-titulo-en-el-campeonato-de-espana-infantil-por-comunidades-autonomas\/"},"wordCount":362,"image":{"@id":"https:\/\/fatenis.com\/tenisandalucia\/andalucia-vuelve-a-la-batalla-por-el-titulo-en-el-campeonato-de-espana-infantil-por-comunidades-autonomas\/#primaryimage"},"thumbnailUrl":"https:\/\/fatenis.com\/tenisandalucia\/wp-content\/uploads\/2026\/08\/20260831-infantil-comunidades-andalucia-06-1200.jpg","keywords":["Campeonato de Espa\u00f1a por Comunidades Aut\u00f3nomas","Comunidades Aut\u00f3nomas"],"articleSection":["Noticias General"],"inLanguage":"es"},{"@type":"WebPage","@id":"https:\/\/fatenis.com\/tenisandalucia\/andalucia-vuelve-a-la-batalla-por-el-titulo-en-el-campeonato-de-espana-infantil-por-comunidades-autonomas\/","url":"https:\/\/fatenis.com\/tenisandalucia\/andalucia-vuelve-a-la-batalla-por-el-titulo-en-el-campeonato-de-espana-infantil-por-comunidades-autonomas\/","name":"Andaluc\u00eda vuelve a la batalla por el t\u00edtulo en el Campeonato de Espa\u00f1a Infantil por Comunidades Aut\u00f3nomas &#8226; Federaci\u00f3n Andaluza de Tenis","isPartOf":{"@id":"https:\/\/fatenis.com\/tenisandalucia\/#website"},"primaryImageOfPage":{"@id":"https:\/\/fatenis.com\/tenisandalucia\/andalucia-vuelve-a-la-batalla-por-el-titulo-en-el-campeonato-de-espana-infantil-por-comunidades-autonomas\/#primaryimage"},"image":{"@id":"https:\/\/fatenis.com\/tenisandalucia\/andalucia-vuelve-a-la-batalla-por-el-titulo-en-el-campeonato-de-espana-infantil-por-comunidades-autonomas\/#primaryimage"},"thumbnailUrl":"https:\/\/fatenis.com\/tenisandalucia\/wp-content\/uploads\/2026\/08\/20260831-infantil-comunidades-andalucia-06-1200.jpg","datePublished":"2026-08-30T17:44:00+00:00","author":{"@id":"https:\/\/fatenis.com\/tenisandalucia\/#\/schema\/person\/6e4f9e148a5709ff48ce4a4a71de76d0"},"description":"Andaluc\u00eda afronta el Campeonato de Espa\u00f1a Infantil por Comunidades Aut\u00f3nomas en la Ferrero Tennis Academy con sus selecciones masculina y femenina","breadcrumb":{"@id":"https:\/\/fatenis.com\/tenisandalucia\/andalucia-vuelve-a-la-batalla-por-el-titulo-en-el-campeonato-de-espana-infantil-por-comunidades-autonomas\/#breadcrumb"},"inLanguage":"es","potentialAction":[{"@type":"ReadAction","target":["https:\/\/fatenis.com\/tenisandalucia\/andalucia-vuelve-a-la-batalla-por-el-titulo-en-el-campeonato-de-espana-infantil-por-comunidades-autonomas\/"]}]},{"@type":"ImageObject","inLanguage":"es","@id":"https:\/\/fatenis.com\/tenisandalucia\/andalucia-vuelve-a-la-batalla-por-el-titulo-en-el-campeonato-de-espana-infantil-por-comunidades-autonomas\/#primaryimage","url":"https:\/\/fatenis.com\/tenisandalucia\/wp-content\/uploads\/2026\/08\/20260831-infantil-comunidades-andalucia-06-1200.jpg","contentUrl":"https:\/\/fatenis.com\/tenisandalucia\/wp-content\/uploads\/2026\/08\/20260831-infantil-comunidades-andalucia-06-1200.jpg","width":1200,"height":900,"caption":"Selecciones Andaluzas en el Campeonato de Espa\u00f1a Infantil por Comunidades Aut\u00f3nomas"},{"@type":"BreadcrumbList","@id":"https:\/\/fatenis.com\/tenisandalucia\/andalucia-vuelve-a-la-batalla-por-el-titulo-en-el-campeonato-de-espana-infantil-por-comunidades-autonomas\/#breadcrumb","itemListElement":[{"@type":"ListItem","position":1,"name":"Portada","item":"https:\/\/fatenis.com\/tenisandalucia\/"},{"@type":"ListItem","position":2,"name":"Andaluc\u00eda vuelve a la batalla por el t\u00edtulo en el Campeonato de Espa\u00f1a Infantil por Comunidades Aut\u00f3nomas"}]},{"@type":"WebSite","@id":"https:\/\/fatenis.com\/tenisandalucia\/#website","url":"https:\/\/fatenis.com\/tenisandalucia\/","name":"Federaci\u00f3n Andaluza de Tenis","description":"#TenisAndaluc\u00eda","potentialAction":[{"@type":"SearchAction","target":{"@type":"EntryPoint","urlTemplate":"https:\/\/fatenis.com\/tenisandalucia\/?s={search_term_string}"},"query-input":{"@type":"PropertyValueSpecification","valueRequired":true,"valueName":"search_term_string"}}],"inLanguage":"es"},{"@type":"Person","@id":"https:\/\/fatenis.com\/tenisandalucia\/#\/schema\/person\/6e4f9e148a5709ff48ce4a4a71de76d0","name":"Guillermo A. L\u00f3pez Calero","image":{"@type":"ImageObject","inLanguage":"es","@id":"https:\/\/secure.gravatar.com\/avatar\/56986b4f3245232ee91ac6393808a5f8b12befd5887a0edc806307e113101986?s=96&d=mm&r=g","url":"https:\/\/secure.gravatar.com\/avatar\/56986b4f3245232ee91ac6393808a5f8b12befd5887a0edc806307e113101986?s=96&d=mm&r=g","contentUrl":"https:\/\/secure.gravatar.com\/avatar\/56986b4f3245232ee91ac6393808a5f8b12befd5887a0edc806307e113101986?s=96&d=mm&r=g","caption":"Guillermo A. L\u00f3pez Calero"},"sameAs":["fatenis","fattenis","https:\/\/x.com\/fattenis"],"url":"https:\/\/fatenis.com\/tenisandalucia\/author\/rrss\/"}]}},"_links":{"self":[{"href":"https:\/\/fatenis.com\/tenisandalucia\/wp-json\/wp\/v2\/posts\/42911","targetHints":{"allow":["GET"]}}],"collection":[{"href":"https:\/\/fatenis.com\/tenisandalucia\/wp-json\/wp\/v2\/posts"}],"about":[{"href":"https:\/\/fatenis.com\/tenisandalucia\/wp-json\/wp\/v2\/types\/post"}],"author":[{"embeddable":true,"href":"https:\/\/fatenis.com\/tenisandalucia\/wp-json\/wp\/v2\/users\/17"}],"replies":[{"embeddable":true,"href":"https:\/\/fatenis.com\/tenisandalucia\/wp-json\/wp\/v2\/comments?post=42911"}],"version-history":[{"count":1,"href":"https:\/\/fatenis.com\/tenisandalucia\/wp-json\/wp\/v2\/posts\/42911\/revisions"}],"predecessor-version":[{"id":42913,"href":"https:\/\/fatenis.com\/tenisandalucia\/wp-json\/wp\/v2\/posts\/42911\/revisions\/42913"}],"wp:featuredmedia":[{"embeddable":true,"href":"https:\/\/fatenis.com\/tenisandalucia\/wp-json\/wp\/v2\/media\/42912"}],"wp:attachment":[{"href":"https:\/\/fatenis.com\/tenisandalucia\/wp-json\/wp\/v2\/media?parent=42911"}],"wp:term":[{"taxonomy":"category","embeddable":true,"href":"https:\/\/fatenis.com\/tenisandalucia\/wp-json\/wp\/v2\/categories?post=42911"},{"taxonomy":"post_tag","embeddable":true,"href":"https:\/\/fatenis.com\/tenisandalucia\/wp-json\/wp\/v2\/tags?post=42911"}],"curies":[{"name":"wp","href":"https:\/\/api.w.org\/{rel}","templated":true}]}}