{"id":42903,"date":"2026-08-30T13:00:54","date_gmt":"2026-08-30T11:00:54","guid":{"rendered":"https:\/\/fatenis.com\/tenisandalucia\/?p=42903"},"modified":"2026-08-30T13:02:02","modified_gmt":"2026-08-30T11:02:02","slug":"adolfo-abascal-conquista-el-titulo-de-dobles-en-el-j200-de-belgrado","status":"publish","type":"post","link":"https:\/\/fatenis.com\/tenisandalucia\/adolfo-abascal-conquista-el-titulo-de-dobles-en-el-j200-de-belgrado\/","title":{"rendered":"Adolfo Abascal conquista el t\u00edtulo de dobles en el J200 de Belgrado"},"content":{"rendered":"<p>El <strong>sevillano Adolfo Abascal<\/strong> se ha proclamado <strong>campe\u00f3n de dobles del J200 de Belgrado<\/strong>, disputado sobre tierra batida, formando dupla con el <strong>canario Alberto Pulido<\/strong>.<\/p>\n<p>La <strong>pareja espa\u00f1ola<\/strong> complet\u00f3 un s\u00f3lido recorrido hasta hacerse con el t\u00edtulo en Serbia. En<strong> primera ronda<\/strong>, <strong>Abascal y Pulido<\/strong> superaron a los locales <strong>Lucka Ceramilac y Djordje Sapic<\/strong>, antes de imponerse en <strong>cuartos de final a Richard Lacis y Kaloyan Shikov<\/strong>.<\/p>\n<p>En las <strong>semifinales<\/strong>, el <strong>sevillano y el canario<\/strong> volvieron a demostrar su consistencia para derrotar a <strong>Alexey Ilin e Ivan Makarov<\/strong>, asegurando as\u00ed su presencia en la final.<\/p>\n<p>Ya en el encuentro decisivo, <strong>Abascal y Pulido<\/strong> se <strong>impusieron a los austr\u00edacos Gabriel Niedermayr y Felix Raser, levantando el trofeo de dobles del J200 de Belgrado<\/strong>.<\/p>\n<p>&nbsp;<\/p>\n<p><strong>CUARTO T\u00cdTULO INTERNACIONAL DE DOBLES<\/strong><\/p>\n<p>Este triunfo supone el <strong>cuarto t\u00edtulo internacional de dobles de Adolfo Abascal en el circuito junior World Tennis<\/strong>.<\/p>\n<p>El <strong>sevillano<\/strong> estren\u00f3 su palmar\u00e9s internacional de dobles en <strong>2024<\/strong>, con los t\u00edtulos del <strong>J30 de Lyon y el J60 de Dijon.<\/strong> En <strong>2026<\/strong> ha ampliado su colecci\u00f3n con dos t\u00edtulos de categor\u00eda <strong>J200: el conquistado en Basilea y ahora el de Belgrado.<\/strong><\/p>\n<p>&nbsp;<\/p>\n<p><strong>TAMBI\u00c9N COMPITI\u00d3 EN INDIVIDUALES<\/strong><\/p>\n<p>En el <strong>cuadro individual,<\/strong> <strong>Adolfo Abascal alcanz\u00f3 la segunda ronda.<\/strong> El sevillano debut\u00f3 con victoria ante Kamal Fakhretdinov, antes de ceder frente a Richard Lacis.<\/p>\n<p>En esta disciplina, <strong>Abascal cuenta tambi\u00e9n con dos t\u00edtulos internacionales junior en su palmar\u00e9s<\/strong>. En <strong>2025<\/strong> se proclam\u00f3 campe\u00f3n del <strong>J60 de Colomiers<\/strong>, mientras que en <strong>2026<\/strong> conquisto el <strong>J100 de Lousada<\/strong>.<\/p>\n<p>&nbsp;<\/p>\n<p>Foto: Adolfo Abascal<\/p>\n","protected":false},"excerpt":{"rendered":"<p>El sevillano Adolfo Abascal se ha proclamado campe\u00f3n de dobles del J200 de Belgrado, disputado sobre tierra batida, formando dupla con el canario Alberto Pulido. La pareja espa\u00f1ola complet\u00f3 un s\u00f3lido recorrido hasta hacerse con el t\u00edtulo en Serbia. En primera ronda, Abascal y Pulido superaron a los locales Lucka Ceramilac y Djordje Sapic, antes [&hellip;]<\/p>\n","protected":false},"author":17,"featured_media":42904,"comment_status":"closed","ping_status":"closed","sticky":false,"template":"","format":"standard","meta":{"_acf_changed":false,"_monsterinsights_skip_tracking":false,"footnotes":""},"categories":[12],"tags":[493,835],"class_list":["post-42903","post","type-post","status-publish","format-standard","has-post-thumbnail","hentry","category-noticias-general","tag-adolfo-abascal","tag-j200-belgrado"],"acf":[],"yoast_head":"<!-- This site is optimized with the Yoast SEO plugin v28.3 - https:\/\/yoast.com\/product\/yoast-seo-wordpress\/ -->\n<title>Adolfo Abascal conquista el t\u00edtulo de dobles en el J200 de Belgrado &#8226; Federaci\u00f3n Andaluza de Tenis<\/title>\n<meta name=\"description\" content=\"Adolfo Abascal conquista el t\u00edtulo de dobles del J200 de Belgrado junto al canario Alberto Pulido y suma su cuarto t\u00edtulo internacional junior en dobles\" \/>\n<meta name=\"robots\" content=\"index, follow, max-snippet:-1, max-image-preview:large, max-video-preview:-1\" \/>\n<link rel=\"canonical\" href=\"https:\/\/fatenis.com\/tenisandalucia\/adolfo-abascal-conquista-el-titulo-de-dobles-en-el-j200-de-belgrado\/\" \/>\n<meta property=\"og:locale\" content=\"es_ES\" \/>\n<meta property=\"og:type\" content=\"article\" \/>\n<meta property=\"og:title\" content=\"Adolfo Abascal conquista el t\u00edtulo de dobles en el J200 de Belgrado\" \/>\n<meta property=\"og:description\" content=\"Adolfo Abascal conquista el t\u00edtulo de dobles del J200 de Belgrado junto al canario Alberto Pulido y suma su cuarto t\u00edtulo internacional junior en dobles\" \/>\n<meta property=\"og:url\" content=\"https:\/\/fatenis.com\/tenisandalucia\/adolfo-abascal-conquista-el-titulo-de-dobles-en-el-j200-de-belgrado\/\" \/>\n<meta property=\"og:site_name\" content=\"Federaci\u00f3n Andaluza de Tenis\" \/>\n<meta property=\"article:author\" content=\"fatenis\" \/>\n<meta property=\"article:published_time\" content=\"2026-08-30T11:00:54+00:00\" \/>\n<meta property=\"article:modified_time\" content=\"2026-08-30T11:02:02+00:00\" \/>\n<meta property=\"og:image\" content=\"https:\/\/fatenis.com\/tenisandalucia\/wp-content\/uploads\/2026\/08\/20260829-adofo-abascal-titulo-dobles-j200-belgrado-alberto-pulido-1200-foto-adolfo-abascal.jpg\" \/>\n\t<meta property=\"og:image:width\" content=\"1200\" \/>\n\t<meta property=\"og:image:height\" content=\"900\" \/>\n\t<meta property=\"og:image:type\" content=\"image\/jpeg\" \/>\n<meta name=\"author\" content=\"Guillermo A. L\u00f3pez Calero\" \/>\n<meta name=\"twitter:card\" content=\"summary_large_image\" \/>\n<meta name=\"twitter:title\" content=\"Adolfo Abascal conquista el t\u00edtulo de dobles en el J200 de Belgrado\" \/>\n<meta name=\"twitter:description\" content=\"Adolfo Abascal conquista el t\u00edtulo de dobles del J200 de Belgrado junto al canario Alberto Pulido y suma su cuarto t\u00edtulo internacional junior en dobles\" \/>\n<meta name=\"twitter:image\" content=\"https:\/\/fatenis.com\/tenisandalucia\/wp-content\/uploads\/2026\/08\/20260829-adofo-abascal-titulo-dobles-j200-belgrado-alberto-pulido-1200-foto-adolfo-abascal.jpg\" \/>\n<meta name=\"twitter:creator\" content=\"@fattenis\" \/>\n<meta name=\"twitter:label1\" content=\"Escrito por\" \/>\n\t<meta name=\"twitter:data1\" content=\"Guillermo A. L\u00f3pez Calero\" \/>\n\t<meta name=\"twitter:label2\" content=\"Tiempo de lectura\" \/>\n\t<meta name=\"twitter:data2\" content=\"2 minutos\" \/>\n<script type=\"application\/ld+json\" class=\"yoast-schema-graph\">{\"@context\":\"https:\\\/\\\/schema.org\",\"@graph\":[{\"@type\":\"Article\",\"@id\":\"https:\\\/\\\/fatenis.com\\\/tenisandalucia\\\/adolfo-abascal-conquista-el-titulo-de-dobles-en-el-j200-de-belgrado\\\/#article\",\"isPartOf\":{\"@id\":\"https:\\\/\\\/fatenis.com\\\/tenisandalucia\\\/adolfo-abascal-conquista-el-titulo-de-dobles-en-el-j200-de-belgrado\\\/\"},\"author\":{\"name\":\"Guillermo A. L\u00f3pez Calero\",\"@id\":\"https:\\\/\\\/fatenis.com\\\/tenisandalucia\\\/#\\\/schema\\\/person\\\/6e4f9e148a5709ff48ce4a4a71de76d0\"},\"headline\":\"Adolfo Abascal conquista el t\u00edtulo de dobles en el J200 de Belgrado\",\"datePublished\":\"2026-08-30T11:00:54+00:00\",\"dateModified\":\"2026-08-30T11:02:02+00:00\",\"mainEntityOfPage\":{\"@id\":\"https:\\\/\\\/fatenis.com\\\/tenisandalucia\\\/adolfo-abascal-conquista-el-titulo-de-dobles-en-el-j200-de-belgrado\\\/\"},\"wordCount\":281,\"image\":{\"@id\":\"https:\\\/\\\/fatenis.com\\\/tenisandalucia\\\/adolfo-abascal-conquista-el-titulo-de-dobles-en-el-j200-de-belgrado\\\/#primaryimage\"},\"thumbnailUrl\":\"https:\\\/\\\/fatenis.com\\\/tenisandalucia\\\/wp-content\\\/uploads\\\/2026\\\/08\\\/20260829-adofo-abascal-titulo-dobles-j200-belgrado-alberto-pulido-1200-foto-adolfo-abascal.jpg\",\"keywords\":[\"Adolfo Abascal\",\"J200 Belgrado\"],\"articleSection\":[\"Noticias General\"],\"inLanguage\":\"es\"},{\"@type\":\"WebPage\",\"@id\":\"https:\\\/\\\/fatenis.com\\\/tenisandalucia\\\/adolfo-abascal-conquista-el-titulo-de-dobles-en-el-j200-de-belgrado\\\/\",\"url\":\"https:\\\/\\\/fatenis.com\\\/tenisandalucia\\\/adolfo-abascal-conquista-el-titulo-de-dobles-en-el-j200-de-belgrado\\\/\",\"name\":\"Adolfo Abascal conquista el t\u00edtulo de dobles en el J200 de Belgrado &#8226; Federaci\u00f3n Andaluza de Tenis\",\"isPartOf\":{\"@id\":\"https:\\\/\\\/fatenis.com\\\/tenisandalucia\\\/#website\"},\"primaryImageOfPage\":{\"@id\":\"https:\\\/\\\/fatenis.com\\\/tenisandalucia\\\/adolfo-abascal-conquista-el-titulo-de-dobles-en-el-j200-de-belgrado\\\/#primaryimage\"},\"image\":{\"@id\":\"https:\\\/\\\/fatenis.com\\\/tenisandalucia\\\/adolfo-abascal-conquista-el-titulo-de-dobles-en-el-j200-de-belgrado\\\/#primaryimage\"},\"thumbnailUrl\":\"https:\\\/\\\/fatenis.com\\\/tenisandalucia\\\/wp-content\\\/uploads\\\/2026\\\/08\\\/20260829-adofo-abascal-titulo-dobles-j200-belgrado-alberto-pulido-1200-foto-adolfo-abascal.jpg\",\"datePublished\":\"2026-08-30T11:00:54+00:00\",\"dateModified\":\"2026-08-30T11:02:02+00:00\",\"author\":{\"@id\":\"https:\\\/\\\/fatenis.com\\\/tenisandalucia\\\/#\\\/schema\\\/person\\\/6e4f9e148a5709ff48ce4a4a71de76d0\"},\"description\":\"Adolfo Abascal conquista el t\u00edtulo de dobles del J200 de Belgrado junto al canario Alberto Pulido y suma su cuarto t\u00edtulo internacional junior en dobles\",\"breadcrumb\":{\"@id\":\"https:\\\/\\\/fatenis.com\\\/tenisandalucia\\\/adolfo-abascal-conquista-el-titulo-de-dobles-en-el-j200-de-belgrado\\\/#breadcrumb\"},\"inLanguage\":\"es\",\"potentialAction\":[{\"@type\":\"ReadAction\",\"target\":[\"https:\\\/\\\/fatenis.com\\\/tenisandalucia\\\/adolfo-abascal-conquista-el-titulo-de-dobles-en-el-j200-de-belgrado\\\/\"]}]},{\"@type\":\"ImageObject\",\"inLanguage\":\"es\",\"@id\":\"https:\\\/\\\/fatenis.com\\\/tenisandalucia\\\/adolfo-abascal-conquista-el-titulo-de-dobles-en-el-j200-de-belgrado\\\/#primaryimage\",\"url\":\"https:\\\/\\\/fatenis.com\\\/tenisandalucia\\\/wp-content\\\/uploads\\\/2026\\\/08\\\/20260829-adofo-abascal-titulo-dobles-j200-belgrado-alberto-pulido-1200-foto-adolfo-abascal.jpg\",\"contentUrl\":\"https:\\\/\\\/fatenis.com\\\/tenisandalucia\\\/wp-content\\\/uploads\\\/2026\\\/08\\\/20260829-adofo-abascal-titulo-dobles-j200-belgrado-alberto-pulido-1200-foto-adolfo-abascal.jpg\",\"width\":1200,\"height\":900,\"caption\":\"Adolfo Abascal conquista el t\u00edtulo de dobles en el J200 de Belgrado junto a Alberto Pulido\"},{\"@type\":\"BreadcrumbList\",\"@id\":\"https:\\\/\\\/fatenis.com\\\/tenisandalucia\\\/adolfo-abascal-conquista-el-titulo-de-dobles-en-el-j200-de-belgrado\\\/#breadcrumb\",\"itemListElement\":[{\"@type\":\"ListItem\",\"position\":1,\"name\":\"Portada\",\"item\":\"https:\\\/\\\/fatenis.com\\\/tenisandalucia\\\/\"},{\"@type\":\"ListItem\",\"position\":2,\"name\":\"Adolfo Abascal conquista el t\u00edtulo de dobles en el J200 de Belgrado\"}]},{\"@type\":\"WebSite\",\"@id\":\"https:\\\/\\\/fatenis.com\\\/tenisandalucia\\\/#website\",\"url\":\"https:\\\/\\\/fatenis.com\\\/tenisandalucia\\\/\",\"name\":\"Federaci\u00f3n Andaluza de Tenis\",\"description\":\"#TenisAndaluc\u00eda\",\"potentialAction\":[{\"@type\":\"SearchAction\",\"target\":{\"@type\":\"EntryPoint\",\"urlTemplate\":\"https:\\\/\\\/fatenis.com\\\/tenisandalucia\\\/?s={search_term_string}\"},\"query-input\":{\"@type\":\"PropertyValueSpecification\",\"valueRequired\":true,\"valueName\":\"search_term_string\"}}],\"inLanguage\":\"es\"},{\"@type\":\"Person\",\"@id\":\"https:\\\/\\\/fatenis.com\\\/tenisandalucia\\\/#\\\/schema\\\/person\\\/6e4f9e148a5709ff48ce4a4a71de76d0\",\"name\":\"Guillermo A. L\u00f3pez Calero\",\"image\":{\"@type\":\"ImageObject\",\"inLanguage\":\"es\",\"@id\":\"https:\\\/\\\/secure.gravatar.com\\\/avatar\\\/56986b4f3245232ee91ac6393808a5f8b12befd5887a0edc806307e113101986?s=96&d=mm&r=g\",\"url\":\"https:\\\/\\\/secure.gravatar.com\\\/avatar\\\/56986b4f3245232ee91ac6393808a5f8b12befd5887a0edc806307e113101986?s=96&d=mm&r=g\",\"contentUrl\":\"https:\\\/\\\/secure.gravatar.com\\\/avatar\\\/56986b4f3245232ee91ac6393808a5f8b12befd5887a0edc806307e113101986?s=96&d=mm&r=g\",\"caption\":\"Guillermo A. L\u00f3pez Calero\"},\"sameAs\":[\"fatenis\",\"fattenis\",\"https:\\\/\\\/x.com\\\/fattenis\"],\"url\":\"https:\\\/\\\/fatenis.com\\\/tenisandalucia\\\/author\\\/rrss\\\/\"}]}<\/script>\n<!-- \/ Yoast SEO plugin. -->","yoast_head_json":{"title":"Adolfo Abascal conquista el t\u00edtulo de dobles en el J200 de Belgrado &#8226; Federaci\u00f3n Andaluza de Tenis","description":"Adolfo Abascal conquista el t\u00edtulo de dobles del J200 de Belgrado junto al canario Alberto Pulido y suma su cuarto t\u00edtulo internacional junior en dobles","robots":{"index":"index","follow":"follow","max-snippet":"max-snippet:-1","max-image-preview":"max-image-preview:large","max-video-preview":"max-video-preview:-1"},"canonical":"https:\/\/fatenis.com\/tenisandalucia\/adolfo-abascal-conquista-el-titulo-de-dobles-en-el-j200-de-belgrado\/","og_locale":"es_ES","og_type":"article","og_title":"Adolfo Abascal conquista el t\u00edtulo de dobles en el J200 de Belgrado","og_description":"Adolfo Abascal conquista el t\u00edtulo de dobles del J200 de Belgrado junto al canario Alberto Pulido y suma su cuarto t\u00edtulo internacional junior en dobles","og_url":"https:\/\/fatenis.com\/tenisandalucia\/adolfo-abascal-conquista-el-titulo-de-dobles-en-el-j200-de-belgrado\/","og_site_name":"Federaci\u00f3n Andaluza de Tenis","article_author":"fatenis","article_published_time":"2026-08-30T11:00:54+00:00","article_modified_time":"2026-08-30T11:02:02+00:00","og_image":[{"width":1200,"height":900,"url":"https:\/\/fatenis.com\/tenisandalucia\/wp-content\/uploads\/2026\/08\/20260829-adofo-abascal-titulo-dobles-j200-belgrado-alberto-pulido-1200-foto-adolfo-abascal.jpg","type":"image\/jpeg"}],"author":"Guillermo A. L\u00f3pez Calero","twitter_card":"summary_large_image","twitter_title":"Adolfo Abascal conquista el t\u00edtulo de dobles en el J200 de Belgrado","twitter_description":"Adolfo Abascal conquista el t\u00edtulo de dobles del J200 de Belgrado junto al canario Alberto Pulido y suma su cuarto t\u00edtulo internacional junior en dobles","twitter_image":"https:\/\/fatenis.com\/tenisandalucia\/wp-content\/uploads\/2026\/08\/20260829-adofo-abascal-titulo-dobles-j200-belgrado-alberto-pulido-1200-foto-adolfo-abascal.jpg","twitter_creator":"@fattenis","twitter_misc":{"Escrito por":"Guillermo A. L\u00f3pez Calero","Tiempo de lectura":"2 minutos"},"schema":{"@context":"https:\/\/schema.org","@graph":[{"@type":"Article","@id":"https:\/\/fatenis.com\/tenisandalucia\/adolfo-abascal-conquista-el-titulo-de-dobles-en-el-j200-de-belgrado\/#article","isPartOf":{"@id":"https:\/\/fatenis.com\/tenisandalucia\/adolfo-abascal-conquista-el-titulo-de-dobles-en-el-j200-de-belgrado\/"},"author":{"name":"Guillermo A. L\u00f3pez Calero","@id":"https:\/\/fatenis.com\/tenisandalucia\/#\/schema\/person\/6e4f9e148a5709ff48ce4a4a71de76d0"},"headline":"Adolfo Abascal conquista el t\u00edtulo de dobles en el J200 de Belgrado","datePublished":"2026-08-30T11:00:54+00:00","dateModified":"2026-08-30T11:02:02+00:00","mainEntityOfPage":{"@id":"https:\/\/fatenis.com\/tenisandalucia\/adolfo-abascal-conquista-el-titulo-de-dobles-en-el-j200-de-belgrado\/"},"wordCount":281,"image":{"@id":"https:\/\/fatenis.com\/tenisandalucia\/adolfo-abascal-conquista-el-titulo-de-dobles-en-el-j200-de-belgrado\/#primaryimage"},"thumbnailUrl":"https:\/\/fatenis.com\/tenisandalucia\/wp-content\/uploads\/2026\/08\/20260829-adofo-abascal-titulo-dobles-j200-belgrado-alberto-pulido-1200-foto-adolfo-abascal.jpg","keywords":["Adolfo Abascal","J200 Belgrado"],"articleSection":["Noticias General"],"inLanguage":"es"},{"@type":"WebPage","@id":"https:\/\/fatenis.com\/tenisandalucia\/adolfo-abascal-conquista-el-titulo-de-dobles-en-el-j200-de-belgrado\/","url":"https:\/\/fatenis.com\/tenisandalucia\/adolfo-abascal-conquista-el-titulo-de-dobles-en-el-j200-de-belgrado\/","name":"Adolfo Abascal conquista el t\u00edtulo de dobles en el J200 de Belgrado &#8226; Federaci\u00f3n Andaluza de Tenis","isPartOf":{"@id":"https:\/\/fatenis.com\/tenisandalucia\/#website"},"primaryImageOfPage":{"@id":"https:\/\/fatenis.com\/tenisandalucia\/adolfo-abascal-conquista-el-titulo-de-dobles-en-el-j200-de-belgrado\/#primaryimage"},"image":{"@id":"https:\/\/fatenis.com\/tenisandalucia\/adolfo-abascal-conquista-el-titulo-de-dobles-en-el-j200-de-belgrado\/#primaryimage"},"thumbnailUrl":"https:\/\/fatenis.com\/tenisandalucia\/wp-content\/uploads\/2026\/08\/20260829-adofo-abascal-titulo-dobles-j200-belgrado-alberto-pulido-1200-foto-adolfo-abascal.jpg","datePublished":"2026-08-30T11:00:54+00:00","dateModified":"2026-08-30T11:02:02+00:00","author":{"@id":"https:\/\/fatenis.com\/tenisandalucia\/#\/schema\/person\/6e4f9e148a5709ff48ce4a4a71de76d0"},"description":"Adolfo Abascal conquista el t\u00edtulo de dobles del J200 de Belgrado junto al canario Alberto Pulido y suma su cuarto t\u00edtulo internacional junior en dobles","breadcrumb":{"@id":"https:\/\/fatenis.com\/tenisandalucia\/adolfo-abascal-conquista-el-titulo-de-dobles-en-el-j200-de-belgrado\/#breadcrumb"},"inLanguage":"es","potentialAction":[{"@type":"ReadAction","target":["https:\/\/fatenis.com\/tenisandalucia\/adolfo-abascal-conquista-el-titulo-de-dobles-en-el-j200-de-belgrado\/"]}]},{"@type":"ImageObject","inLanguage":"es","@id":"https:\/\/fatenis.com\/tenisandalucia\/adolfo-abascal-conquista-el-titulo-de-dobles-en-el-j200-de-belgrado\/#primaryimage","url":"https:\/\/fatenis.com\/tenisandalucia\/wp-content\/uploads\/2026\/08\/20260829-adofo-abascal-titulo-dobles-j200-belgrado-alberto-pulido-1200-foto-adolfo-abascal.jpg","contentUrl":"https:\/\/fatenis.com\/tenisandalucia\/wp-content\/uploads\/2026\/08\/20260829-adofo-abascal-titulo-dobles-j200-belgrado-alberto-pulido-1200-foto-adolfo-abascal.jpg","width":1200,"height":900,"caption":"Adolfo Abascal conquista el t\u00edtulo de dobles en el J200 de Belgrado junto a Alberto Pulido"},{"@type":"BreadcrumbList","@id":"https:\/\/fatenis.com\/tenisandalucia\/adolfo-abascal-conquista-el-titulo-de-dobles-en-el-j200-de-belgrado\/#breadcrumb","itemListElement":[{"@type":"ListItem","position":1,"name":"Portada","item":"https:\/\/fatenis.com\/tenisandalucia\/"},{"@type":"ListItem","position":2,"name":"Adolfo Abascal conquista el t\u00edtulo de dobles en el J200 de Belgrado"}]},{"@type":"WebSite","@id":"https:\/\/fatenis.com\/tenisandalucia\/#website","url":"https:\/\/fatenis.com\/tenisandalucia\/","name":"Federaci\u00f3n Andaluza de Tenis","description":"#TenisAndaluc\u00eda","potentialAction":[{"@type":"SearchAction","target":{"@type":"EntryPoint","urlTemplate":"https:\/\/fatenis.com\/tenisandalucia\/?s={search_term_string}"},"query-input":{"@type":"PropertyValueSpecification","valueRequired":true,"valueName":"search_term_string"}}],"inLanguage":"es"},{"@type":"Person","@id":"https:\/\/fatenis.com\/tenisandalucia\/#\/schema\/person\/6e4f9e148a5709ff48ce4a4a71de76d0","name":"Guillermo A. L\u00f3pez Calero","image":{"@type":"ImageObject","inLanguage":"es","@id":"https:\/\/secure.gravatar.com\/avatar\/56986b4f3245232ee91ac6393808a5f8b12befd5887a0edc806307e113101986?s=96&d=mm&r=g","url":"https:\/\/secure.gravatar.com\/avatar\/56986b4f3245232ee91ac6393808a5f8b12befd5887a0edc806307e113101986?s=96&d=mm&r=g","contentUrl":"https:\/\/secure.gravatar.com\/avatar\/56986b4f3245232ee91ac6393808a5f8b12befd5887a0edc806307e113101986?s=96&d=mm&r=g","caption":"Guillermo A. L\u00f3pez Calero"},"sameAs":["fatenis","fattenis","https:\/\/x.com\/fattenis"],"url":"https:\/\/fatenis.com\/tenisandalucia\/author\/rrss\/"}]}},"_links":{"self":[{"href":"https:\/\/fatenis.com\/tenisandalucia\/wp-json\/wp\/v2\/posts\/42903","targetHints":{"allow":["GET"]}}],"collection":[{"href":"https:\/\/fatenis.com\/tenisandalucia\/wp-json\/wp\/v2\/posts"}],"about":[{"href":"https:\/\/fatenis.com\/tenisandalucia\/wp-json\/wp\/v2\/types\/post"}],"author":[{"embeddable":true,"href":"https:\/\/fatenis.com\/tenisandalucia\/wp-json\/wp\/v2\/users\/17"}],"replies":[{"embeddable":true,"href":"https:\/\/fatenis.com\/tenisandalucia\/wp-json\/wp\/v2\/comments?post=42903"}],"version-history":[{"count":3,"href":"https:\/\/fatenis.com\/tenisandalucia\/wp-json\/wp\/v2\/posts\/42903\/revisions"}],"predecessor-version":[{"id":42907,"href":"https:\/\/fatenis.com\/tenisandalucia\/wp-json\/wp\/v2\/posts\/42903\/revisions\/42907"}],"wp:featuredmedia":[{"embeddable":true,"href":"https:\/\/fatenis.com\/tenisandalucia\/wp-json\/wp\/v2\/media\/42904"}],"wp:attachment":[{"href":"https:\/\/fatenis.com\/tenisandalucia\/wp-json\/wp\/v2\/media?parent=42903"}],"wp:term":[{"taxonomy":"category","embeddable":true,"href":"https:\/\/fatenis.com\/tenisandalucia\/wp-json\/wp\/v2\/categories?post=42903"},{"taxonomy":"post_tag","embeddable":true,"href":"https:\/\/fatenis.com\/tenisandalucia\/wp-json\/wp\/v2\/tags?post=42903"}],"curies":[{"name":"wp","href":"https:\/\/api.w.org\/{rel}","templated":true}]}}