{"id":42898,"date":"2026-08-30T12:04:51","date_gmt":"2026-08-30T10:04:51","guid":{"rendered":"https:\/\/fatenis.com\/tenisandalucia\/?p=42898"},"modified":"2026-08-30T12:04:51","modified_gmt":"2026-08-30T10:04:51","slug":"liberto-amate-suma-dos-titulos-en-cervia-junto-a-nestor-santana","status":"publish","type":"post","link":"https:\/\/fatenis.com\/tenisandalucia\/liberto-amate-suma-dos-titulos-en-cervia-junto-a-nestor-santana\/","title":{"rendered":"Liberto Amate suma dos t\u00edtulos en Cervia junto a N\u00e9stor Santana"},"content":{"rendered":"<p>El <strong>tenis playa andaluz<\/strong> ha vuelto a dejar su sello en Italia. La <strong>localidad italiana de Cervia<\/strong> ha sido escenario de una nueva semana de competici\u00f3n internacional en la que los jugadores andaluces han participado tanto en la categor\u00eda profesional como en las categor\u00edas juveniles, con especial protagonistmo para <strong>Liberto Amate<\/strong>, que ha conquistado dos t\u00edtulos.<\/p>\n<p>&nbsp;<\/p>\n<p><strong>Amate<\/strong>, formando pareja con el <strong>canario N\u00e9stor Santana<\/strong>, se proclam\u00f3 <strong>campe\u00f3n en las categor\u00edas U14 y U16<\/strong>, firmando un doble \u00e9xito que incorpora dos nuevos t\u00edtulos a su palmar\u00e9s.<\/p>\n<p>&nbsp;<\/p>\n<p><strong>PRESENCIA ANDALUZA TAMBI\u00c9N EN EL BT400 DE CERVIA<\/strong><\/p>\n<p>La semana de competici\u00f3n comenz\u00f3 en <strong>Cervia<\/strong> con el <strong>torneo profesional BT400<\/strong> y cont\u00f3 con representaci\u00f3n andaluza de <strong>Laura Jim\u00e9nez y Jorge M\u00e9ndez<\/strong>, una de las grandes citas del circuito internacional, que <strong>repart\u00eda $45000 en premios<\/strong>.<\/p>\n<p>En <strong>categor\u00eda femenina<\/strong>, <strong>Laura Jim\u00e9nez<\/strong>, formando pareja con la italiana <strong>Alice Pepi<\/strong>, consigui\u00f3 <strong>superar la fase previa y acceder al cuadro principal<\/strong>. Ya entre las mejores parejas del torneo, ambas <strong>cedieron ante las italianas Greta Giusti y Nicole Nobile.<\/strong><\/p>\n<p>En el <strong>cuadro masculino<\/strong>, <strong>Jorge M\u00e9ndez<\/strong>, formando dupla con el <strong>italiano Lucca de Pompei<\/strong>, no pudo superar la fase previa.<\/p>\n<p>Una <strong>participaci\u00f3n<\/strong> que vuelve a poner de manifiesto la presencia de jugadores andaluces en las principales competiciones internacionales de tenis playa.<\/p>\n<p>&nbsp;<\/p>\n<p><strong>PR\u00d3XIMA PARADA: CESEN\u00c1TICO<\/strong><\/p>\n<p>La <strong>actividad internacional no se detiene<\/strong>. La pr\u00f3xima semana, <strong>afrontar\u00e1n una nueva cita en tierras italianas<\/strong>, con la disputa del <strong>BT Sand Series de Cesen\u00e1tico<\/strong>, que reunirar\u00e1 a los mejores especialistas internacionales de la modalidad y en la que estar\u00e1n presentes <strong>Laura Jim\u00e9nez<\/strong>, <strong>Jorge M\u00e9ndez<\/strong> y <strong>Lola Abad\u00eda<\/strong>.<\/p>\n","protected":false},"excerpt":{"rendered":"<p>El tenis playa andaluz ha vuelto a dejar su sello en Italia. La localidad italiana de Cervia ha sido escenario de una nueva semana de competici\u00f3n internacional en la que los jugadores andaluces han participado tanto en la categor\u00eda profesional como en las categor\u00edas juveniles, con especial protagonistmo para Liberto Amate, que ha conquistado dos [&hellip;]<\/p>\n","protected":false},"author":17,"featured_media":42899,"comment_status":"closed","ping_status":"closed","sticky":false,"template":"","format":"standard","meta":{"_acf_changed":false,"_monsterinsights_skip_tracking":false,"footnotes":""},"categories":[12,198],"tags":[834,201,206],"class_list":["post-42898","post","type-post","status-publish","format-standard","has-post-thumbnail","hentry","category-noticias-general","category-tenis-playa","tag-cervia","tag-laura-jimenez","tag-liberto-amate"],"acf":[],"yoast_head":"<!-- This site is optimized with the Yoast SEO plugin v28.3 - https:\/\/yoast.com\/product\/yoast-seo-wordpress\/ -->\n<title>Liberto Amate suma dos t\u00edtulos en Cervia junto a N\u00e9stor Santana &#8226; Federaci\u00f3n Andaluza de Tenis<\/title>\n<meta name=\"description\" content=\"Liberto Amate conquista el U14 y U16 en Cervia junto a N\u00e9stor Santana, mientras Laura Jim\u00e9nez alcanza el cuadro principal del BT400 italiano\" \/>\n<meta name=\"robots\" content=\"index, follow, max-snippet:-1, max-image-preview:large, max-video-preview:-1\" \/>\n<link rel=\"canonical\" href=\"https:\/\/fatenis.com\/tenisandalucia\/liberto-amate-suma-dos-titulos-en-cervia-junto-a-nestor-santana\/\" \/>\n<meta property=\"og:locale\" content=\"es_ES\" \/>\n<meta property=\"og:type\" content=\"article\" \/>\n<meta property=\"og:title\" content=\"Liberto Amate suma dos t\u00edtulos en Cervia junto a N\u00e9stor Santana\" \/>\n<meta property=\"og:description\" content=\"Liberto Amate conquista el U14 y U16 en Cervia junto a N\u00e9stor Santana, mientras Laura Jim\u00e9nez alcanza el cuadro principal del BT400 italiano\" \/>\n<meta property=\"og:url\" content=\"https:\/\/fatenis.com\/tenisandalucia\/liberto-amate-suma-dos-titulos-en-cervia-junto-a-nestor-santana\/\" \/>\n<meta property=\"og:site_name\" content=\"Federaci\u00f3n Andaluza de Tenis\" \/>\n<meta property=\"article:author\" content=\"fatenis\" \/>\n<meta property=\"article:published_time\" content=\"2026-08-30T10:04:51+00:00\" \/>\n<meta property=\"og:image\" content=\"https:\/\/fatenis.com\/tenisandalucia\/wp-content\/uploads\/2026\/08\/20260829-liberto-amate-jr-nestor-santana-u14-1200.jpg\" \/>\n\t<meta property=\"og:image:width\" content=\"1200\" \/>\n\t<meta property=\"og:image:height\" content=\"900\" \/>\n\t<meta property=\"og:image:type\" content=\"image\/jpeg\" \/>\n<meta name=\"author\" content=\"Guillermo A. L\u00f3pez Calero\" \/>\n<meta name=\"twitter:card\" content=\"summary_large_image\" \/>\n<meta name=\"twitter:title\" content=\"Liberto Amate suma dos t\u00edtulos en Cervia junto a N\u00e9stor Santana\" \/>\n<meta name=\"twitter:description\" content=\"Liberto Amate conquista el U14 y U16 en Cervia junto a N\u00e9stor Santana, mientras Laura Jim\u00e9nez alcanza el cuadro principal del BT400 italiano\" \/>\n<meta name=\"twitter:image\" content=\"https:\/\/fatenis.com\/tenisandalucia\/wp-content\/uploads\/2026\/08\/20260829-liberto-amate-jr-nestor-santana-u14-1200.jpg\" \/>\n<meta name=\"twitter:creator\" content=\"@fattenis\" \/>\n<meta name=\"twitter:label1\" content=\"Escrito por\" \/>\n\t<meta name=\"twitter:data1\" content=\"Guillermo A. L\u00f3pez Calero\" \/>\n\t<meta name=\"twitter:label2\" content=\"Tiempo de lectura\" \/>\n\t<meta name=\"twitter:data2\" content=\"2 minutos\" \/>\n<script type=\"application\/ld+json\" class=\"yoast-schema-graph\">{\"@context\":\"https:\\\/\\\/schema.org\",\"@graph\":[{\"@type\":\"Article\",\"@id\":\"https:\\\/\\\/fatenis.com\\\/tenisandalucia\\\/liberto-amate-suma-dos-titulos-en-cervia-junto-a-nestor-santana\\\/#article\",\"isPartOf\":{\"@id\":\"https:\\\/\\\/fatenis.com\\\/tenisandalucia\\\/liberto-amate-suma-dos-titulos-en-cervia-junto-a-nestor-santana\\\/\"},\"author\":{\"name\":\"Guillermo A. L\u00f3pez Calero\",\"@id\":\"https:\\\/\\\/fatenis.com\\\/tenisandalucia\\\/#\\\/schema\\\/person\\\/6e4f9e148a5709ff48ce4a4a71de76d0\"},\"headline\":\"Liberto Amate suma dos t\u00edtulos en Cervia junto a N\u00e9stor Santana\",\"datePublished\":\"2026-08-30T10:04:51+00:00\",\"mainEntityOfPage\":{\"@id\":\"https:\\\/\\\/fatenis.com\\\/tenisandalucia\\\/liberto-amate-suma-dos-titulos-en-cervia-junto-a-nestor-santana\\\/\"},\"wordCount\":303,\"image\":{\"@id\":\"https:\\\/\\\/fatenis.com\\\/tenisandalucia\\\/liberto-amate-suma-dos-titulos-en-cervia-junto-a-nestor-santana\\\/#primaryimage\"},\"thumbnailUrl\":\"https:\\\/\\\/fatenis.com\\\/tenisandalucia\\\/wp-content\\\/uploads\\\/2026\\\/08\\\/20260829-liberto-amate-jr-nestor-santana-u14-1200.jpg\",\"keywords\":[\"Cervia\",\"Laura Jimenez\",\"Liberto Amate\"],\"articleSection\":[\"Noticias General\",\"Tenis Playa\"],\"inLanguage\":\"es\"},{\"@type\":\"WebPage\",\"@id\":\"https:\\\/\\\/fatenis.com\\\/tenisandalucia\\\/liberto-amate-suma-dos-titulos-en-cervia-junto-a-nestor-santana\\\/\",\"url\":\"https:\\\/\\\/fatenis.com\\\/tenisandalucia\\\/liberto-amate-suma-dos-titulos-en-cervia-junto-a-nestor-santana\\\/\",\"name\":\"Liberto Amate suma dos t\u00edtulos en Cervia junto a N\u00e9stor Santana &#8226; Federaci\u00f3n Andaluza de Tenis\",\"isPartOf\":{\"@id\":\"https:\\\/\\\/fatenis.com\\\/tenisandalucia\\\/#website\"},\"primaryImageOfPage\":{\"@id\":\"https:\\\/\\\/fatenis.com\\\/tenisandalucia\\\/liberto-amate-suma-dos-titulos-en-cervia-junto-a-nestor-santana\\\/#primaryimage\"},\"image\":{\"@id\":\"https:\\\/\\\/fatenis.com\\\/tenisandalucia\\\/liberto-amate-suma-dos-titulos-en-cervia-junto-a-nestor-santana\\\/#primaryimage\"},\"thumbnailUrl\":\"https:\\\/\\\/fatenis.com\\\/tenisandalucia\\\/wp-content\\\/uploads\\\/2026\\\/08\\\/20260829-liberto-amate-jr-nestor-santana-u14-1200.jpg\",\"datePublished\":\"2026-08-30T10:04:51+00:00\",\"author\":{\"@id\":\"https:\\\/\\\/fatenis.com\\\/tenisandalucia\\\/#\\\/schema\\\/person\\\/6e4f9e148a5709ff48ce4a4a71de76d0\"},\"description\":\"Liberto Amate conquista el U14 y U16 en Cervia junto a N\u00e9stor Santana, mientras Laura Jim\u00e9nez alcanza el cuadro principal del BT400 italiano\",\"breadcrumb\":{\"@id\":\"https:\\\/\\\/fatenis.com\\\/tenisandalucia\\\/liberto-amate-suma-dos-titulos-en-cervia-junto-a-nestor-santana\\\/#breadcrumb\"},\"inLanguage\":\"es\",\"potentialAction\":[{\"@type\":\"ReadAction\",\"target\":[\"https:\\\/\\\/fatenis.com\\\/tenisandalucia\\\/liberto-amate-suma-dos-titulos-en-cervia-junto-a-nestor-santana\\\/\"]}]},{\"@type\":\"ImageObject\",\"inLanguage\":\"es\",\"@id\":\"https:\\\/\\\/fatenis.com\\\/tenisandalucia\\\/liberto-amate-suma-dos-titulos-en-cervia-junto-a-nestor-santana\\\/#primaryimage\",\"url\":\"https:\\\/\\\/fatenis.com\\\/tenisandalucia\\\/wp-content\\\/uploads\\\/2026\\\/08\\\/20260829-liberto-amate-jr-nestor-santana-u14-1200.jpg\",\"contentUrl\":\"https:\\\/\\\/fatenis.com\\\/tenisandalucia\\\/wp-content\\\/uploads\\\/2026\\\/08\\\/20260829-liberto-amate-jr-nestor-santana-u14-1200.jpg\",\"width\":1200,\"height\":900,\"caption\":\"Doblete de Liberto Amate y N\u00e9stor Santana en Cervia, consiguiendo los t\u00edtulos en U14 y U16\"},{\"@type\":\"BreadcrumbList\",\"@id\":\"https:\\\/\\\/fatenis.com\\\/tenisandalucia\\\/liberto-amate-suma-dos-titulos-en-cervia-junto-a-nestor-santana\\\/#breadcrumb\",\"itemListElement\":[{\"@type\":\"ListItem\",\"position\":1,\"name\":\"Portada\",\"item\":\"https:\\\/\\\/fatenis.com\\\/tenisandalucia\\\/\"},{\"@type\":\"ListItem\",\"position\":2,\"name\":\"Liberto Amate suma dos t\u00edtulos en Cervia junto a N\u00e9stor Santana\"}]},{\"@type\":\"WebSite\",\"@id\":\"https:\\\/\\\/fatenis.com\\\/tenisandalucia\\\/#website\",\"url\":\"https:\\\/\\\/fatenis.com\\\/tenisandalucia\\\/\",\"name\":\"Federaci\u00f3n Andaluza de Tenis\",\"description\":\"#TenisAndaluc\u00eda\",\"potentialAction\":[{\"@type\":\"SearchAction\",\"target\":{\"@type\":\"EntryPoint\",\"urlTemplate\":\"https:\\\/\\\/fatenis.com\\\/tenisandalucia\\\/?s={search_term_string}\"},\"query-input\":{\"@type\":\"PropertyValueSpecification\",\"valueRequired\":true,\"valueName\":\"search_term_string\"}}],\"inLanguage\":\"es\"},{\"@type\":\"Person\",\"@id\":\"https:\\\/\\\/fatenis.com\\\/tenisandalucia\\\/#\\\/schema\\\/person\\\/6e4f9e148a5709ff48ce4a4a71de76d0\",\"name\":\"Guillermo A. L\u00f3pez Calero\",\"image\":{\"@type\":\"ImageObject\",\"inLanguage\":\"es\",\"@id\":\"https:\\\/\\\/secure.gravatar.com\\\/avatar\\\/56986b4f3245232ee91ac6393808a5f8b12befd5887a0edc806307e113101986?s=96&d=mm&r=g\",\"url\":\"https:\\\/\\\/secure.gravatar.com\\\/avatar\\\/56986b4f3245232ee91ac6393808a5f8b12befd5887a0edc806307e113101986?s=96&d=mm&r=g\",\"contentUrl\":\"https:\\\/\\\/secure.gravatar.com\\\/avatar\\\/56986b4f3245232ee91ac6393808a5f8b12befd5887a0edc806307e113101986?s=96&d=mm&r=g\",\"caption\":\"Guillermo A. L\u00f3pez Calero\"},\"sameAs\":[\"fatenis\",\"fattenis\",\"https:\\\/\\\/x.com\\\/fattenis\"],\"url\":\"https:\\\/\\\/fatenis.com\\\/tenisandalucia\\\/author\\\/rrss\\\/\"}]}<\/script>\n<!-- \/ Yoast SEO plugin. -->","yoast_head_json":{"title":"Liberto Amate suma dos t\u00edtulos en Cervia junto a N\u00e9stor Santana &#8226; Federaci\u00f3n Andaluza de Tenis","description":"Liberto Amate conquista el U14 y U16 en Cervia junto a N\u00e9stor Santana, mientras Laura Jim\u00e9nez alcanza el cuadro principal del BT400 italiano","robots":{"index":"index","follow":"follow","max-snippet":"max-snippet:-1","max-image-preview":"max-image-preview:large","max-video-preview":"max-video-preview:-1"},"canonical":"https:\/\/fatenis.com\/tenisandalucia\/liberto-amate-suma-dos-titulos-en-cervia-junto-a-nestor-santana\/","og_locale":"es_ES","og_type":"article","og_title":"Liberto Amate suma dos t\u00edtulos en Cervia junto a N\u00e9stor Santana","og_description":"Liberto Amate conquista el U14 y U16 en Cervia junto a N\u00e9stor Santana, mientras Laura Jim\u00e9nez alcanza el cuadro principal del BT400 italiano","og_url":"https:\/\/fatenis.com\/tenisandalucia\/liberto-amate-suma-dos-titulos-en-cervia-junto-a-nestor-santana\/","og_site_name":"Federaci\u00f3n Andaluza de Tenis","article_author":"fatenis","article_published_time":"2026-08-30T10:04:51+00:00","og_image":[{"width":1200,"height":900,"url":"https:\/\/fatenis.com\/tenisandalucia\/wp-content\/uploads\/2026\/08\/20260829-liberto-amate-jr-nestor-santana-u14-1200.jpg","type":"image\/jpeg"}],"author":"Guillermo A. L\u00f3pez Calero","twitter_card":"summary_large_image","twitter_title":"Liberto Amate suma dos t\u00edtulos en Cervia junto a N\u00e9stor Santana","twitter_description":"Liberto Amate conquista el U14 y U16 en Cervia junto a N\u00e9stor Santana, mientras Laura Jim\u00e9nez alcanza el cuadro principal del BT400 italiano","twitter_image":"https:\/\/fatenis.com\/tenisandalucia\/wp-content\/uploads\/2026\/08\/20260829-liberto-amate-jr-nestor-santana-u14-1200.jpg","twitter_creator":"@fattenis","twitter_misc":{"Escrito por":"Guillermo A. L\u00f3pez Calero","Tiempo de lectura":"2 minutos"},"schema":{"@context":"https:\/\/schema.org","@graph":[{"@type":"Article","@id":"https:\/\/fatenis.com\/tenisandalucia\/liberto-amate-suma-dos-titulos-en-cervia-junto-a-nestor-santana\/#article","isPartOf":{"@id":"https:\/\/fatenis.com\/tenisandalucia\/liberto-amate-suma-dos-titulos-en-cervia-junto-a-nestor-santana\/"},"author":{"name":"Guillermo A. L\u00f3pez Calero","@id":"https:\/\/fatenis.com\/tenisandalucia\/#\/schema\/person\/6e4f9e148a5709ff48ce4a4a71de76d0"},"headline":"Liberto Amate suma dos t\u00edtulos en Cervia junto a N\u00e9stor Santana","datePublished":"2026-08-30T10:04:51+00:00","mainEntityOfPage":{"@id":"https:\/\/fatenis.com\/tenisandalucia\/liberto-amate-suma-dos-titulos-en-cervia-junto-a-nestor-santana\/"},"wordCount":303,"image":{"@id":"https:\/\/fatenis.com\/tenisandalucia\/liberto-amate-suma-dos-titulos-en-cervia-junto-a-nestor-santana\/#primaryimage"},"thumbnailUrl":"https:\/\/fatenis.com\/tenisandalucia\/wp-content\/uploads\/2026\/08\/20260829-liberto-amate-jr-nestor-santana-u14-1200.jpg","keywords":["Cervia","Laura Jimenez","Liberto Amate"],"articleSection":["Noticias General","Tenis Playa"],"inLanguage":"es"},{"@type":"WebPage","@id":"https:\/\/fatenis.com\/tenisandalucia\/liberto-amate-suma-dos-titulos-en-cervia-junto-a-nestor-santana\/","url":"https:\/\/fatenis.com\/tenisandalucia\/liberto-amate-suma-dos-titulos-en-cervia-junto-a-nestor-santana\/","name":"Liberto Amate suma dos t\u00edtulos en Cervia junto a N\u00e9stor Santana &#8226; Federaci\u00f3n Andaluza de Tenis","isPartOf":{"@id":"https:\/\/fatenis.com\/tenisandalucia\/#website"},"primaryImageOfPage":{"@id":"https:\/\/fatenis.com\/tenisandalucia\/liberto-amate-suma-dos-titulos-en-cervia-junto-a-nestor-santana\/#primaryimage"},"image":{"@id":"https:\/\/fatenis.com\/tenisandalucia\/liberto-amate-suma-dos-titulos-en-cervia-junto-a-nestor-santana\/#primaryimage"},"thumbnailUrl":"https:\/\/fatenis.com\/tenisandalucia\/wp-content\/uploads\/2026\/08\/20260829-liberto-amate-jr-nestor-santana-u14-1200.jpg","datePublished":"2026-08-30T10:04:51+00:00","author":{"@id":"https:\/\/fatenis.com\/tenisandalucia\/#\/schema\/person\/6e4f9e148a5709ff48ce4a4a71de76d0"},"description":"Liberto Amate conquista el U14 y U16 en Cervia junto a N\u00e9stor Santana, mientras Laura Jim\u00e9nez alcanza el cuadro principal del BT400 italiano","breadcrumb":{"@id":"https:\/\/fatenis.com\/tenisandalucia\/liberto-amate-suma-dos-titulos-en-cervia-junto-a-nestor-santana\/#breadcrumb"},"inLanguage":"es","potentialAction":[{"@type":"ReadAction","target":["https:\/\/fatenis.com\/tenisandalucia\/liberto-amate-suma-dos-titulos-en-cervia-junto-a-nestor-santana\/"]}]},{"@type":"ImageObject","inLanguage":"es","@id":"https:\/\/fatenis.com\/tenisandalucia\/liberto-amate-suma-dos-titulos-en-cervia-junto-a-nestor-santana\/#primaryimage","url":"https:\/\/fatenis.com\/tenisandalucia\/wp-content\/uploads\/2026\/08\/20260829-liberto-amate-jr-nestor-santana-u14-1200.jpg","contentUrl":"https:\/\/fatenis.com\/tenisandalucia\/wp-content\/uploads\/2026\/08\/20260829-liberto-amate-jr-nestor-santana-u14-1200.jpg","width":1200,"height":900,"caption":"Doblete de Liberto Amate y N\u00e9stor Santana en Cervia, consiguiendo los t\u00edtulos en U14 y U16"},{"@type":"BreadcrumbList","@id":"https:\/\/fatenis.com\/tenisandalucia\/liberto-amate-suma-dos-titulos-en-cervia-junto-a-nestor-santana\/#breadcrumb","itemListElement":[{"@type":"ListItem","position":1,"name":"Portada","item":"https:\/\/fatenis.com\/tenisandalucia\/"},{"@type":"ListItem","position":2,"name":"Liberto Amate suma dos t\u00edtulos en Cervia junto a N\u00e9stor Santana"}]},{"@type":"WebSite","@id":"https:\/\/fatenis.com\/tenisandalucia\/#website","url":"https:\/\/fatenis.com\/tenisandalucia\/","name":"Federaci\u00f3n Andaluza de Tenis","description":"#TenisAndaluc\u00eda","potentialAction":[{"@type":"SearchAction","target":{"@type":"EntryPoint","urlTemplate":"https:\/\/fatenis.com\/tenisandalucia\/?s={search_term_string}"},"query-input":{"@type":"PropertyValueSpecification","valueRequired":true,"valueName":"search_term_string"}}],"inLanguage":"es"},{"@type":"Person","@id":"https:\/\/fatenis.com\/tenisandalucia\/#\/schema\/person\/6e4f9e148a5709ff48ce4a4a71de76d0","name":"Guillermo A. L\u00f3pez Calero","image":{"@type":"ImageObject","inLanguage":"es","@id":"https:\/\/secure.gravatar.com\/avatar\/56986b4f3245232ee91ac6393808a5f8b12befd5887a0edc806307e113101986?s=96&d=mm&r=g","url":"https:\/\/secure.gravatar.com\/avatar\/56986b4f3245232ee91ac6393808a5f8b12befd5887a0edc806307e113101986?s=96&d=mm&r=g","contentUrl":"https:\/\/secure.gravatar.com\/avatar\/56986b4f3245232ee91ac6393808a5f8b12befd5887a0edc806307e113101986?s=96&d=mm&r=g","caption":"Guillermo A. L\u00f3pez Calero"},"sameAs":["fatenis","fattenis","https:\/\/x.com\/fattenis"],"url":"https:\/\/fatenis.com\/tenisandalucia\/author\/rrss\/"}]}},"_links":{"self":[{"href":"https:\/\/fatenis.com\/tenisandalucia\/wp-json\/wp\/v2\/posts\/42898","targetHints":{"allow":["GET"]}}],"collection":[{"href":"https:\/\/fatenis.com\/tenisandalucia\/wp-json\/wp\/v2\/posts"}],"about":[{"href":"https:\/\/fatenis.com\/tenisandalucia\/wp-json\/wp\/v2\/types\/post"}],"author":[{"embeddable":true,"href":"https:\/\/fatenis.com\/tenisandalucia\/wp-json\/wp\/v2\/users\/17"}],"replies":[{"embeddable":true,"href":"https:\/\/fatenis.com\/tenisandalucia\/wp-json\/wp\/v2\/comments?post=42898"}],"version-history":[{"count":3,"href":"https:\/\/fatenis.com\/tenisandalucia\/wp-json\/wp\/v2\/posts\/42898\/revisions"}],"predecessor-version":[{"id":42902,"href":"https:\/\/fatenis.com\/tenisandalucia\/wp-json\/wp\/v2\/posts\/42898\/revisions\/42902"}],"wp:featuredmedia":[{"embeddable":true,"href":"https:\/\/fatenis.com\/tenisandalucia\/wp-json\/wp\/v2\/media\/42899"}],"wp:attachment":[{"href":"https:\/\/fatenis.com\/tenisandalucia\/wp-json\/wp\/v2\/media?parent=42898"}],"wp:term":[{"taxonomy":"category","embeddable":true,"href":"https:\/\/fatenis.com\/tenisandalucia\/wp-json\/wp\/v2\/categories?post=42898"},{"taxonomy":"post_tag","embeddable":true,"href":"https:\/\/fatenis.com\/tenisandalucia\/wp-json\/wp\/v2\/tags?post=42898"}],"curies":[{"name":"wp","href":"https:\/\/api.w.org\/{rel}","templated":true}]}}