{"id":42832,"date":"2026-08-24T10:07:01","date_gmt":"2026-08-24T08:07:01","guid":{"rendered":"https:\/\/fatenis.com\/tenisandalucia\/?p=42832"},"modified":"2026-08-27T18:10:35","modified_gmt":"2026-08-27T16:10:35","slug":"andalucia-pro-ariana-geerlings-vuelve-a-conquistar-un-titulo-y-barranco-y-llamas-avanzan-en-challenger","status":"publish","type":"post","link":"https:\/\/fatenis.com\/tenisandalucia\/andalucia-pro-ariana-geerlings-vuelve-a-conquistar-un-titulo-y-barranco-y-llamas-avanzan-en-challenger\/","title":{"rendered":"Andaluc\u00eda Pro: Ariana Geerlings vuelve a conquistar un t\u00edtulo y Barranco y Llamas avanzan en Challenger"},"content":{"rendered":"<p>El <strong>tenis andaluz<\/strong> vuelve a dejar una semana de intensa actividad en los <strong>circuitos profesionales<\/strong>. Los representantes andaluces compitieron en <strong>ATP Challenger y World Tennis<\/strong>, con <strong>Ariana Geerlings<\/strong> como la gran protagonista de la semana al conquistar un nuevo t\u00edtulo internacional.<\/p>\n<p>La granadina atraviesa un excelente momento de forma y encaden\u00f3 en Cracovia su tercer t\u00edtulo en el 2026.<\/p>\n<p>&nbsp;<\/p>\n<p><strong>ARIANA GEERLINGS, CAMPEONA EN CRACOVIA<\/strong><\/p>\n<p>La granadina volvi\u00f3 a demostrar su gran momento competitivo al proclamarse campeona del <strong>W35 de Cracovia (Polonia)<\/strong>.<\/p>\n<p><strong>Geerlings<\/strong> complet\u00f3 una magn\u00edfica semana, superando en la final a la esolovena Dalila Jakupovic.<\/p>\n<ul>\n<li><a href=\"https:\/\/fatenis.com\/tenisandalucia\/ariana-geerlings-sigue-creciendo-y-conquista-el-w35-de-cracovia\/\">Noticia<\/a><\/li>\n<\/ul>\n<p>&nbsp;<\/p>\n<p><strong>JAVI BARRANCO, DA UN SALTO EN EL CHALLENGER DE PRAGA<\/strong><\/p>\n<p>En el circuito <strong>ATP Challenger<\/strong>, <strong>Javi Barranco<\/strong> protagoniz\u00f3 una destacada actuaci\u00f3n en el <strong>Challenger de Praga<\/strong>.<\/p>\n<p>El <strong>almeriense<\/strong> accedi\u00f3 al <strong>cuadro principal desde la fase previa<\/strong> y consigui\u00f3 superar la primera ronda del torneo. <strong>Barranco<\/strong> cedi\u00f3 en segunda ronda ante <strong>Radu Mihai Papoe.<\/strong><\/p>\n<p>Una actuaci\u00f3n positiva que permite al almeriense seguir acumulando partidos y puntos en el circuito Challenger.<\/p>\n<p>&nbsp;<\/p>\n<p><strong>PABLO LLAMAS, SEGUNDA RONDA EN CANC\u00daN<\/strong><\/p>\n<p>Tambi\u00e9n avanz\u00f3 hasta la segunda ronda, <strong>Pablo Llamas,<\/strong> que compiti\u00f3 en el <strong>ATP Challenger 125 de Canc\u00fan.<\/strong><\/p>\n<p>El <strong>jerezano<\/strong> comenz\u00f3 el torneo con una gran victoria ante el <strong>argentino Francisco Comesa\u00f1a<\/strong>, antes de despedirse en segunda ronda frente a <strong>Lloyd Harris<\/strong>.<\/p>\n<p><strong>Llamas<\/strong> manten\u00eda as\u00ed su actividad en el circuito internacional despu\u00e9s de su participaci\u00f3n en la fase previa del Masters 1000 de Cincinati.<\/p>\n<p>&nbsp;<\/p>\n<p><strong>VICTORIA G\u00d3MEZ O&#8217;HAYON MANTIENE SU DIN\u00c1MICA POSITIVA<\/strong><\/p>\n<p>Tras proclamarse campeona del dobles del W35 de Vigo la semana anterior, la malague\u00f1a disput\u00f3 el <strong>W15 de Logro\u00f1o<\/strong>, donde alcanz\u00f3 la <strong>segunda ronda<\/strong>. En su estreno super\u00f3 a <strong>Min Liu<\/strong>, antes de caer ante <strong>Zoziya Kardava.<\/strong><\/p>\n<p>&nbsp;<\/p>\n<p><strong>MAR\u00cdA OLIVER,\u00a0 A LAS PUERTAS DEL CUADRO PRINCIPAL<\/strong><\/p>\n<p>La almeriense <strong>Mar\u00eda Oliver<\/strong>, disput\u00f3 la fase previa del <strong>W35 de Bistrita, en Ruman\u00eda<\/strong>.<\/p>\n<p>En su primer encuentro super\u00f3 a <strong>Bianca Nica<\/strong>, pero en la \u00faltima ronda de clasificaci\u00f3n, cedi\u00f3 ante <strong>Alexia-Shara Iancu.<\/strong><\/p>\n<p>&nbsp;<\/p>\n<p>El tenis andaluz mantiene as\u00ed una presencia constante en los diferentes niveles del circuito profesional.<\/p>\n<p>&nbsp;<\/p>\n<p>&nbsp;<\/p>\n<p>Foto: Javi Barranco (Manuel Jes\u00fas Sol)<\/p>\n<p>&nbsp;<\/p>\n","protected":false},"excerpt":{"rendered":"<p>El tenis andaluz vuelve a dejar una semana de intensa actividad en los circuitos profesionales. Los representantes andaluces compitieron en ATP Challenger y World Tennis, con Ariana Geerlings como la gran protagonista de la semana al conquistar un nuevo t\u00edtulo internacional. La granadina atraviesa un excelente momento de forma y encaden\u00f3 en Cracovia su tercer [&hellip;]<\/p>\n","protected":false},"author":17,"featured_media":42866,"comment_status":"closed","ping_status":"closed","sticky":false,"template":"","format":"standard","meta":{"_acf_changed":false,"_monsterinsights_skip_tracking":false,"footnotes":""},"categories":[818,12],"tags":[830,396,242,226],"class_list":["post-42832","post","type-post","status-publish","format-standard","has-post-thumbnail","hentry","category-andalucia-pro","category-noticias-general","tag-andalucia-pro","tag-ariana-geerlings","tag-javi-barranco","tag-pablo-llamas"],"acf":[],"yoast_head":"<!-- This site is optimized with the Yoast SEO plugin v28.3 - https:\/\/yoast.com\/product\/yoast-seo-wordpress\/ -->\n<title>Andaluc\u00eda Pro: Ariana Geerlings vuelve a conquistar un t\u00edtulo y Barranco y Llamas avanzan en Challenger &#8226; Federaci\u00f3n Andaluza de Tenis<\/title>\n<meta name=\"description\" content=\"Resumen semanal del tenis andaluz en el circuito profesional: Ariana Geerlings conquista un nuevo t\u00edtulo y Barranco, Llamas y G\u00f3mez O&#039;Hayon destacan\" \/>\n<meta name=\"robots\" content=\"index, follow, max-snippet:-1, max-image-preview:large, max-video-preview:-1\" \/>\n<link rel=\"canonical\" href=\"https:\/\/fatenis.com\/tenisandalucia\/andalucia-pro-ariana-geerlings-vuelve-a-conquistar-un-titulo-y-barranco-y-llamas-avanzan-en-challenger\/\" \/>\n<meta property=\"og:locale\" content=\"es_ES\" \/>\n<meta property=\"og:type\" content=\"article\" \/>\n<meta property=\"og:title\" content=\"Andaluc\u00eda Pro: Ariana Geerlings vuelve a conquistar un t\u00edtulo y Barranco y Llamas avanzan en Challenger\" \/>\n<meta property=\"og:description\" content=\"Resumen semanal del tenis andaluz en el circuito profesional: Ariana Geerlings conquista un nuevo t\u00edtulo y Barranco, Llamas y G\u00f3mez O&#039;Hayon destacan\" \/>\n<meta property=\"og:url\" content=\"https:\/\/fatenis.com\/tenisandalucia\/andalucia-pro-ariana-geerlings-vuelve-a-conquistar-un-titulo-y-barranco-y-llamas-avanzan-en-challenger\/\" \/>\n<meta property=\"og:site_name\" content=\"Federaci\u00f3n Andaluza de Tenis\" \/>\n<meta property=\"article:author\" content=\"fatenis\" \/>\n<meta property=\"article:published_time\" content=\"2026-08-24T08:07:01+00:00\" \/>\n<meta property=\"article:modified_time\" content=\"2026-08-27T16:10:35+00:00\" \/>\n<meta property=\"og:image\" content=\"https:\/\/fatenis.com\/tenisandalucia\/wp-content\/uploads\/2026\/08\/20260827-javi-barranco-foto-manueljesussol-1200.jpg\" \/>\n\t<meta property=\"og:image:width\" content=\"1200\" \/>\n\t<meta property=\"og:image:height\" content=\"900\" \/>\n\t<meta property=\"og:image:type\" content=\"image\/jpeg\" \/>\n<meta name=\"author\" content=\"Guillermo A. L\u00f3pez Calero\" \/>\n<meta name=\"twitter:card\" content=\"summary_large_image\" \/>\n<meta name=\"twitter:title\" content=\"Andaluc\u00eda Pro: Ariana Geerlings vuelve a conquistar un t\u00edtulo y Barranco y Llamas avanzan en Challenger\" \/>\n<meta name=\"twitter:description\" content=\"Resumen semanal del tenis andaluz en el circuito profesional: Ariana Geerlings conquista un nuevo t\u00edtulo y Barranco, Llamas y G\u00f3mez O&#039;Hayon destacan\" \/>\n<meta name=\"twitter:image\" content=\"https:\/\/fatenis.com\/tenisandalucia\/wp-content\/uploads\/2026\/08\/20260827-javi-barranco-foto-manueljesussol-1200.jpg\" \/>\n<meta name=\"twitter:creator\" content=\"@fattenis\" \/>\n<meta name=\"twitter:label1\" content=\"Escrito por\" \/>\n\t<meta name=\"twitter:data1\" content=\"Guillermo A. L\u00f3pez Calero\" \/>\n\t<meta name=\"twitter:label2\" content=\"Tiempo de lectura\" \/>\n\t<meta name=\"twitter:data2\" content=\"2 minutos\" \/>\n<script type=\"application\/ld+json\" class=\"yoast-schema-graph\">{\"@context\":\"https:\\\/\\\/schema.org\",\"@graph\":[{\"@type\":\"Article\",\"@id\":\"https:\\\/\\\/fatenis.com\\\/tenisandalucia\\\/andalucia-pro-ariana-geerlings-vuelve-a-conquistar-un-titulo-y-barranco-y-llamas-avanzan-en-challenger\\\/#article\",\"isPartOf\":{\"@id\":\"https:\\\/\\\/fatenis.com\\\/tenisandalucia\\\/andalucia-pro-ariana-geerlings-vuelve-a-conquistar-un-titulo-y-barranco-y-llamas-avanzan-en-challenger\\\/\"},\"author\":{\"name\":\"Guillermo A. L\u00f3pez Calero\",\"@id\":\"https:\\\/\\\/fatenis.com\\\/tenisandalucia\\\/#\\\/schema\\\/person\\\/6e4f9e148a5709ff48ce4a4a71de76d0\"},\"headline\":\"Andaluc\u00eda Pro: Ariana Geerlings vuelve a conquistar un t\u00edtulo y Barranco y Llamas avanzan en Challenger\",\"datePublished\":\"2026-08-24T08:07:01+00:00\",\"dateModified\":\"2026-08-27T16:10:35+00:00\",\"mainEntityOfPage\":{\"@id\":\"https:\\\/\\\/fatenis.com\\\/tenisandalucia\\\/andalucia-pro-ariana-geerlings-vuelve-a-conquistar-un-titulo-y-barranco-y-llamas-avanzan-en-challenger\\\/\"},\"wordCount\":386,\"image\":{\"@id\":\"https:\\\/\\\/fatenis.com\\\/tenisandalucia\\\/andalucia-pro-ariana-geerlings-vuelve-a-conquistar-un-titulo-y-barranco-y-llamas-avanzan-en-challenger\\\/#primaryimage\"},\"thumbnailUrl\":\"https:\\\/\\\/fatenis.com\\\/tenisandalucia\\\/wp-content\\\/uploads\\\/2026\\\/08\\\/20260827-javi-barranco-foto-manueljesussol-1200.jpg\",\"keywords\":[\"Andaluc\u00eda Pro\",\"Ariana Geerlings\",\"Javi Barranco\",\"Pablo Llamas\"],\"articleSection\":[\"Andaluc\u00eda Pro\",\"Noticias General\"],\"inLanguage\":\"es\"},{\"@type\":\"WebPage\",\"@id\":\"https:\\\/\\\/fatenis.com\\\/tenisandalucia\\\/andalucia-pro-ariana-geerlings-vuelve-a-conquistar-un-titulo-y-barranco-y-llamas-avanzan-en-challenger\\\/\",\"url\":\"https:\\\/\\\/fatenis.com\\\/tenisandalucia\\\/andalucia-pro-ariana-geerlings-vuelve-a-conquistar-un-titulo-y-barranco-y-llamas-avanzan-en-challenger\\\/\",\"name\":\"Andaluc\u00eda Pro: Ariana Geerlings vuelve a conquistar un t\u00edtulo y Barranco y Llamas avanzan en Challenger &#8226; Federaci\u00f3n Andaluza de Tenis\",\"isPartOf\":{\"@id\":\"https:\\\/\\\/fatenis.com\\\/tenisandalucia\\\/#website\"},\"primaryImageOfPage\":{\"@id\":\"https:\\\/\\\/fatenis.com\\\/tenisandalucia\\\/andalucia-pro-ariana-geerlings-vuelve-a-conquistar-un-titulo-y-barranco-y-llamas-avanzan-en-challenger\\\/#primaryimage\"},\"image\":{\"@id\":\"https:\\\/\\\/fatenis.com\\\/tenisandalucia\\\/andalucia-pro-ariana-geerlings-vuelve-a-conquistar-un-titulo-y-barranco-y-llamas-avanzan-en-challenger\\\/#primaryimage\"},\"thumbnailUrl\":\"https:\\\/\\\/fatenis.com\\\/tenisandalucia\\\/wp-content\\\/uploads\\\/2026\\\/08\\\/20260827-javi-barranco-foto-manueljesussol-1200.jpg\",\"datePublished\":\"2026-08-24T08:07:01+00:00\",\"dateModified\":\"2026-08-27T16:10:35+00:00\",\"author\":{\"@id\":\"https:\\\/\\\/fatenis.com\\\/tenisandalucia\\\/#\\\/schema\\\/person\\\/6e4f9e148a5709ff48ce4a4a71de76d0\"},\"description\":\"Resumen semanal del tenis andaluz en el circuito profesional: Ariana Geerlings conquista un nuevo t\u00edtulo y Barranco, Llamas y G\u00f3mez O'Hayon destacan\",\"breadcrumb\":{\"@id\":\"https:\\\/\\\/fatenis.com\\\/tenisandalucia\\\/andalucia-pro-ariana-geerlings-vuelve-a-conquistar-un-titulo-y-barranco-y-llamas-avanzan-en-challenger\\\/#breadcrumb\"},\"inLanguage\":\"es\",\"potentialAction\":[{\"@type\":\"ReadAction\",\"target\":[\"https:\\\/\\\/fatenis.com\\\/tenisandalucia\\\/andalucia-pro-ariana-geerlings-vuelve-a-conquistar-un-titulo-y-barranco-y-llamas-avanzan-en-challenger\\\/\"]}]},{\"@type\":\"ImageObject\",\"inLanguage\":\"es\",\"@id\":\"https:\\\/\\\/fatenis.com\\\/tenisandalucia\\\/andalucia-pro-ariana-geerlings-vuelve-a-conquistar-un-titulo-y-barranco-y-llamas-avanzan-en-challenger\\\/#primaryimage\",\"url\":\"https:\\\/\\\/fatenis.com\\\/tenisandalucia\\\/wp-content\\\/uploads\\\/2026\\\/08\\\/20260827-javi-barranco-foto-manueljesussol-1200.jpg\",\"contentUrl\":\"https:\\\/\\\/fatenis.com\\\/tenisandalucia\\\/wp-content\\\/uploads\\\/2026\\\/08\\\/20260827-javi-barranco-foto-manueljesussol-1200.jpg\",\"width\":1200,\"height\":900,\"caption\":\"Javi Barranco en acci\u00f3n en el circuito ATP Challenger Tour - Foto Manuel Jes\u00fas Sol\"},{\"@type\":\"BreadcrumbList\",\"@id\":\"https:\\\/\\\/fatenis.com\\\/tenisandalucia\\\/andalucia-pro-ariana-geerlings-vuelve-a-conquistar-un-titulo-y-barranco-y-llamas-avanzan-en-challenger\\\/#breadcrumb\",\"itemListElement\":[{\"@type\":\"ListItem\",\"position\":1,\"name\":\"Portada\",\"item\":\"https:\\\/\\\/fatenis.com\\\/tenisandalucia\\\/\"},{\"@type\":\"ListItem\",\"position\":2,\"name\":\"Andaluc\u00eda Pro: Ariana Geerlings vuelve a conquistar un t\u00edtulo y Barranco y Llamas avanzan en Challenger\"}]},{\"@type\":\"WebSite\",\"@id\":\"https:\\\/\\\/fatenis.com\\\/tenisandalucia\\\/#website\",\"url\":\"https:\\\/\\\/fatenis.com\\\/tenisandalucia\\\/\",\"name\":\"Federaci\u00f3n Andaluza de Tenis\",\"description\":\"#TenisAndaluc\u00eda\",\"potentialAction\":[{\"@type\":\"SearchAction\",\"target\":{\"@type\":\"EntryPoint\",\"urlTemplate\":\"https:\\\/\\\/fatenis.com\\\/tenisandalucia\\\/?s={search_term_string}\"},\"query-input\":{\"@type\":\"PropertyValueSpecification\",\"valueRequired\":true,\"valueName\":\"search_term_string\"}}],\"inLanguage\":\"es\"},{\"@type\":\"Person\",\"@id\":\"https:\\\/\\\/fatenis.com\\\/tenisandalucia\\\/#\\\/schema\\\/person\\\/6e4f9e148a5709ff48ce4a4a71de76d0\",\"name\":\"Guillermo A. L\u00f3pez Calero\",\"image\":{\"@type\":\"ImageObject\",\"inLanguage\":\"es\",\"@id\":\"https:\\\/\\\/secure.gravatar.com\\\/avatar\\\/56986b4f3245232ee91ac6393808a5f8b12befd5887a0edc806307e113101986?s=96&d=mm&r=g\",\"url\":\"https:\\\/\\\/secure.gravatar.com\\\/avatar\\\/56986b4f3245232ee91ac6393808a5f8b12befd5887a0edc806307e113101986?s=96&d=mm&r=g\",\"contentUrl\":\"https:\\\/\\\/secure.gravatar.com\\\/avatar\\\/56986b4f3245232ee91ac6393808a5f8b12befd5887a0edc806307e113101986?s=96&d=mm&r=g\",\"caption\":\"Guillermo A. L\u00f3pez Calero\"},\"sameAs\":[\"fatenis\",\"fattenis\",\"https:\\\/\\\/x.com\\\/fattenis\"],\"url\":\"https:\\\/\\\/fatenis.com\\\/tenisandalucia\\\/author\\\/rrss\\\/\"}]}<\/script>\n<!-- \/ Yoast SEO plugin. -->","yoast_head_json":{"title":"Andaluc\u00eda Pro: Ariana Geerlings vuelve a conquistar un t\u00edtulo y Barranco y Llamas avanzan en Challenger &#8226; Federaci\u00f3n Andaluza de Tenis","description":"Resumen semanal del tenis andaluz en el circuito profesional: Ariana Geerlings conquista un nuevo t\u00edtulo y Barranco, Llamas y G\u00f3mez O'Hayon destacan","robots":{"index":"index","follow":"follow","max-snippet":"max-snippet:-1","max-image-preview":"max-image-preview:large","max-video-preview":"max-video-preview:-1"},"canonical":"https:\/\/fatenis.com\/tenisandalucia\/andalucia-pro-ariana-geerlings-vuelve-a-conquistar-un-titulo-y-barranco-y-llamas-avanzan-en-challenger\/","og_locale":"es_ES","og_type":"article","og_title":"Andaluc\u00eda Pro: Ariana Geerlings vuelve a conquistar un t\u00edtulo y Barranco y Llamas avanzan en Challenger","og_description":"Resumen semanal del tenis andaluz en el circuito profesional: Ariana Geerlings conquista un nuevo t\u00edtulo y Barranco, Llamas y G\u00f3mez O'Hayon destacan","og_url":"https:\/\/fatenis.com\/tenisandalucia\/andalucia-pro-ariana-geerlings-vuelve-a-conquistar-un-titulo-y-barranco-y-llamas-avanzan-en-challenger\/","og_site_name":"Federaci\u00f3n Andaluza de Tenis","article_author":"fatenis","article_published_time":"2026-08-24T08:07:01+00:00","article_modified_time":"2026-08-27T16:10:35+00:00","og_image":[{"width":1200,"height":900,"url":"https:\/\/fatenis.com\/tenisandalucia\/wp-content\/uploads\/2026\/08\/20260827-javi-barranco-foto-manueljesussol-1200.jpg","type":"image\/jpeg"}],"author":"Guillermo A. L\u00f3pez Calero","twitter_card":"summary_large_image","twitter_title":"Andaluc\u00eda Pro: Ariana Geerlings vuelve a conquistar un t\u00edtulo y Barranco y Llamas avanzan en Challenger","twitter_description":"Resumen semanal del tenis andaluz en el circuito profesional: Ariana Geerlings conquista un nuevo t\u00edtulo y Barranco, Llamas y G\u00f3mez O'Hayon destacan","twitter_image":"https:\/\/fatenis.com\/tenisandalucia\/wp-content\/uploads\/2026\/08\/20260827-javi-barranco-foto-manueljesussol-1200.jpg","twitter_creator":"@fattenis","twitter_misc":{"Escrito por":"Guillermo A. L\u00f3pez Calero","Tiempo de lectura":"2 minutos"},"schema":{"@context":"https:\/\/schema.org","@graph":[{"@type":"Article","@id":"https:\/\/fatenis.com\/tenisandalucia\/andalucia-pro-ariana-geerlings-vuelve-a-conquistar-un-titulo-y-barranco-y-llamas-avanzan-en-challenger\/#article","isPartOf":{"@id":"https:\/\/fatenis.com\/tenisandalucia\/andalucia-pro-ariana-geerlings-vuelve-a-conquistar-un-titulo-y-barranco-y-llamas-avanzan-en-challenger\/"},"author":{"name":"Guillermo A. L\u00f3pez Calero","@id":"https:\/\/fatenis.com\/tenisandalucia\/#\/schema\/person\/6e4f9e148a5709ff48ce4a4a71de76d0"},"headline":"Andaluc\u00eda Pro: Ariana Geerlings vuelve a conquistar un t\u00edtulo y Barranco y Llamas avanzan en Challenger","datePublished":"2026-08-24T08:07:01+00:00","dateModified":"2026-08-27T16:10:35+00:00","mainEntityOfPage":{"@id":"https:\/\/fatenis.com\/tenisandalucia\/andalucia-pro-ariana-geerlings-vuelve-a-conquistar-un-titulo-y-barranco-y-llamas-avanzan-en-challenger\/"},"wordCount":386,"image":{"@id":"https:\/\/fatenis.com\/tenisandalucia\/andalucia-pro-ariana-geerlings-vuelve-a-conquistar-un-titulo-y-barranco-y-llamas-avanzan-en-challenger\/#primaryimage"},"thumbnailUrl":"https:\/\/fatenis.com\/tenisandalucia\/wp-content\/uploads\/2026\/08\/20260827-javi-barranco-foto-manueljesussol-1200.jpg","keywords":["Andaluc\u00eda Pro","Ariana Geerlings","Javi Barranco","Pablo Llamas"],"articleSection":["Andaluc\u00eda Pro","Noticias General"],"inLanguage":"es"},{"@type":"WebPage","@id":"https:\/\/fatenis.com\/tenisandalucia\/andalucia-pro-ariana-geerlings-vuelve-a-conquistar-un-titulo-y-barranco-y-llamas-avanzan-en-challenger\/","url":"https:\/\/fatenis.com\/tenisandalucia\/andalucia-pro-ariana-geerlings-vuelve-a-conquistar-un-titulo-y-barranco-y-llamas-avanzan-en-challenger\/","name":"Andaluc\u00eda Pro: Ariana Geerlings vuelve a conquistar un t\u00edtulo y Barranco y Llamas avanzan en Challenger &#8226; Federaci\u00f3n Andaluza de Tenis","isPartOf":{"@id":"https:\/\/fatenis.com\/tenisandalucia\/#website"},"primaryImageOfPage":{"@id":"https:\/\/fatenis.com\/tenisandalucia\/andalucia-pro-ariana-geerlings-vuelve-a-conquistar-un-titulo-y-barranco-y-llamas-avanzan-en-challenger\/#primaryimage"},"image":{"@id":"https:\/\/fatenis.com\/tenisandalucia\/andalucia-pro-ariana-geerlings-vuelve-a-conquistar-un-titulo-y-barranco-y-llamas-avanzan-en-challenger\/#primaryimage"},"thumbnailUrl":"https:\/\/fatenis.com\/tenisandalucia\/wp-content\/uploads\/2026\/08\/20260827-javi-barranco-foto-manueljesussol-1200.jpg","datePublished":"2026-08-24T08:07:01+00:00","dateModified":"2026-08-27T16:10:35+00:00","author":{"@id":"https:\/\/fatenis.com\/tenisandalucia\/#\/schema\/person\/6e4f9e148a5709ff48ce4a4a71de76d0"},"description":"Resumen semanal del tenis andaluz en el circuito profesional: Ariana Geerlings conquista un nuevo t\u00edtulo y Barranco, Llamas y G\u00f3mez O'Hayon destacan","breadcrumb":{"@id":"https:\/\/fatenis.com\/tenisandalucia\/andalucia-pro-ariana-geerlings-vuelve-a-conquistar-un-titulo-y-barranco-y-llamas-avanzan-en-challenger\/#breadcrumb"},"inLanguage":"es","potentialAction":[{"@type":"ReadAction","target":["https:\/\/fatenis.com\/tenisandalucia\/andalucia-pro-ariana-geerlings-vuelve-a-conquistar-un-titulo-y-barranco-y-llamas-avanzan-en-challenger\/"]}]},{"@type":"ImageObject","inLanguage":"es","@id":"https:\/\/fatenis.com\/tenisandalucia\/andalucia-pro-ariana-geerlings-vuelve-a-conquistar-un-titulo-y-barranco-y-llamas-avanzan-en-challenger\/#primaryimage","url":"https:\/\/fatenis.com\/tenisandalucia\/wp-content\/uploads\/2026\/08\/20260827-javi-barranco-foto-manueljesussol-1200.jpg","contentUrl":"https:\/\/fatenis.com\/tenisandalucia\/wp-content\/uploads\/2026\/08\/20260827-javi-barranco-foto-manueljesussol-1200.jpg","width":1200,"height":900,"caption":"Javi Barranco en acci\u00f3n en el circuito ATP Challenger Tour - Foto Manuel Jes\u00fas Sol"},{"@type":"BreadcrumbList","@id":"https:\/\/fatenis.com\/tenisandalucia\/andalucia-pro-ariana-geerlings-vuelve-a-conquistar-un-titulo-y-barranco-y-llamas-avanzan-en-challenger\/#breadcrumb","itemListElement":[{"@type":"ListItem","position":1,"name":"Portada","item":"https:\/\/fatenis.com\/tenisandalucia\/"},{"@type":"ListItem","position":2,"name":"Andaluc\u00eda Pro: Ariana Geerlings vuelve a conquistar un t\u00edtulo y Barranco y Llamas avanzan en Challenger"}]},{"@type":"WebSite","@id":"https:\/\/fatenis.com\/tenisandalucia\/#website","url":"https:\/\/fatenis.com\/tenisandalucia\/","name":"Federaci\u00f3n Andaluza de Tenis","description":"#TenisAndaluc\u00eda","potentialAction":[{"@type":"SearchAction","target":{"@type":"EntryPoint","urlTemplate":"https:\/\/fatenis.com\/tenisandalucia\/?s={search_term_string}"},"query-input":{"@type":"PropertyValueSpecification","valueRequired":true,"valueName":"search_term_string"}}],"inLanguage":"es"},{"@type":"Person","@id":"https:\/\/fatenis.com\/tenisandalucia\/#\/schema\/person\/6e4f9e148a5709ff48ce4a4a71de76d0","name":"Guillermo A. L\u00f3pez Calero","image":{"@type":"ImageObject","inLanguage":"es","@id":"https:\/\/secure.gravatar.com\/avatar\/56986b4f3245232ee91ac6393808a5f8b12befd5887a0edc806307e113101986?s=96&d=mm&r=g","url":"https:\/\/secure.gravatar.com\/avatar\/56986b4f3245232ee91ac6393808a5f8b12befd5887a0edc806307e113101986?s=96&d=mm&r=g","contentUrl":"https:\/\/secure.gravatar.com\/avatar\/56986b4f3245232ee91ac6393808a5f8b12befd5887a0edc806307e113101986?s=96&d=mm&r=g","caption":"Guillermo A. L\u00f3pez Calero"},"sameAs":["fatenis","fattenis","https:\/\/x.com\/fattenis"],"url":"https:\/\/fatenis.com\/tenisandalucia\/author\/rrss\/"}]}},"_links":{"self":[{"href":"https:\/\/fatenis.com\/tenisandalucia\/wp-json\/wp\/v2\/posts\/42832","targetHints":{"allow":["GET"]}}],"collection":[{"href":"https:\/\/fatenis.com\/tenisandalucia\/wp-json\/wp\/v2\/posts"}],"about":[{"href":"https:\/\/fatenis.com\/tenisandalucia\/wp-json\/wp\/v2\/types\/post"}],"author":[{"embeddable":true,"href":"https:\/\/fatenis.com\/tenisandalucia\/wp-json\/wp\/v2\/users\/17"}],"replies":[{"embeddable":true,"href":"https:\/\/fatenis.com\/tenisandalucia\/wp-json\/wp\/v2\/comments?post=42832"}],"version-history":[{"count":6,"href":"https:\/\/fatenis.com\/tenisandalucia\/wp-json\/wp\/v2\/posts\/42832\/revisions"}],"predecessor-version":[{"id":42869,"href":"https:\/\/fatenis.com\/tenisandalucia\/wp-json\/wp\/v2\/posts\/42832\/revisions\/42869"}],"wp:featuredmedia":[{"embeddable":true,"href":"https:\/\/fatenis.com\/tenisandalucia\/wp-json\/wp\/v2\/media\/42866"}],"wp:attachment":[{"href":"https:\/\/fatenis.com\/tenisandalucia\/wp-json\/wp\/v2\/media?parent=42832"}],"wp:term":[{"taxonomy":"category","embeddable":true,"href":"https:\/\/fatenis.com\/tenisandalucia\/wp-json\/wp\/v2\/categories?post=42832"},{"taxonomy":"post_tag","embeddable":true,"href":"https:\/\/fatenis.com\/tenisandalucia\/wp-json\/wp\/v2\/tags?post=42832"}],"curies":[{"name":"wp","href":"https:\/\/api.w.org\/{rel}","templated":true}]}}