{"id":40636,"date":"2026-02-24T19:44:45","date_gmt":"2026-02-24T18:44:45","guid":{"rendered":"https:\/\/fatenis.com\/tenisandalucia\/?p=40636"},"modified":"2026-02-24T19:53:29","modified_gmt":"2026-02-24T18:53:29","slug":"viktoriia-koroleva-se-corona-en-la-parada-de-sevilla-del-rafa-nadal-tour-by-santander","status":"publish","type":"post","link":"https:\/\/fatenis.com\/tenisandalucia\/viktoriia-koroleva-se-corona-en-la-parada-de-sevilla-del-rafa-nadal-tour-by-santander\/","title":{"rendered":"Viktoriia Koroleva se corona en la parada de Sevilla del Rafa Nadal Tour by Santander"},"content":{"rendered":"<p>El <strong>Rafa Nadal Tour by Santander<\/strong> celebr\u00f3 su<strong> segunda parada del calendario 2026 en Mairena del Aljarafe, en el Club R\u00edo Grande<\/strong>.<\/p>\n<p>La cita cont\u00f3 con una <strong>destacada participaci\u00f3n andaluza<\/strong> tanto en resultados como en presencia en las rondas finales.<\/p>\n<p>&nbsp;<\/p>\n<p><strong>Triunfo andaluz en sub 12<\/strong><\/p>\n<p>El triunfo lleg\u00f3 con la victoria de <strong>Viktoriia Koroleva<\/strong>, que se proclam\u00f3 <strong>campeona en sub 12<\/strong>, venciendo en la final a <strong>Gala Pelach<\/strong>.<\/p>\n<p>Para alcanzar la final, venci\u00f3 en su camino a dos <strong>andaluzas<\/strong>. En <strong>cuartos de final a Fabiola Prause<\/strong> y en la <strong>semifinal a Claudia Valero<\/strong>.<\/p>\n<p>En el <strong>cuadro masculino<\/strong>, el t\u00edtulo fue para <strong>Fedor Milagkin<\/strong>, con <strong>destacadas actuaciones andaluzas de Manuel Pineda y Pablo Navarrete, ambos cuartofinalistas<\/strong>.<\/p>\n<p>&nbsp;<\/p>\n<p><strong>Amplia presencia andaluza<\/strong><\/p>\n<p>En la <strong>categor\u00eda sub 14<\/strong> tambi\u00e9n tuvimos representantes en las rondas finales.<\/p>\n<p><strong>Alberto Pe\u00f1a<\/strong> alcanz\u00f3 las <strong>semifinales<\/strong> donde cedi\u00f3 ante el que fue a la postre campe\u00f3n, <strong>Hamza Ibraheem Mohamed<\/strong>.<\/p>\n<p>Mientras que <strong>Martina Sim\u00f3n<\/strong>, que tambi\u00e9n alcanz\u00f3 las <strong>semifinales<\/strong>, sali\u00f3 derrotada ante<strong> Caterina L\u00f3pez<\/strong>.<\/p>\n<p><strong>Luis Castro, Paula Cuevas y Olga Garc\u00eda Kirillova<\/strong>, sumaron unos <strong>cuartos de final<\/strong>.<\/p>\n<p>&nbsp;<\/p>\n<p>Los <strong>campeones<\/strong> fueron <strong>Hamza Ibraheem<\/strong> y <strong>Caterina L\u00f3pez.<\/strong><\/p>\n<p>&nbsp;<\/p>\n<p><strong>Categor\u00eda de los mayores, sub 16<\/strong><\/p>\n<p><strong>Ana Luque<\/strong>, alcanz\u00f3 las <strong>semifinales<\/strong> tras perder con <strong>Nonna de Ribot<\/strong>.<\/p>\n<p>Adem\u00e1s, <strong>Mario Fiorone<\/strong> tambi\u00e9n hizo semifinales y cedi\u00f3 ante el camp\u00e9on <strong>Luca Daraban<\/strong>.<\/p>\n<p>Mientras que <strong>Ra\u00fal Nieto<\/strong>, <strong>Gabriela Clavero, Mar Nores<\/strong> y<strong> Mar\u00eda Ortega<\/strong>, alcanzaron los <strong>cuartos de final<\/strong>.<\/p>\n<p>&nbsp;<\/p>\n<p>Los campeones fueron <strong>Luca Daraban<\/strong> y <strong>Valeria Mart\u00edn<\/strong>.<\/p>\n<p>&nbsp;<\/p>\n<p>El <strong>torneo<\/strong> volvi\u00f3 a reflejar el <strong>gran momento del tenis base andaluz<\/strong>, con numerosos jugadores alcanzando rondas finales en distintas categor\u00edas, consolidando el crecimiento del nivel competitivo.<\/p>\n<p>&nbsp;<\/p>\n<p><img fetchpriority=\"high\" decoding=\"async\" class=\"alignnone size-large wp-image-40639\" src=\"https:\/\/fatenis.com\/tenisandalucia\/wp-content\/uploads\/2026\/02\/20260224-rafa-nadal-rio-grande-06-1024x768.jpg\" alt=\"Campeones del Rafa Nadal Tour by Santander en Sevilla\" width=\"640\" height=\"480\" srcset=\"https:\/\/fatenis.com\/tenisandalucia\/wp-content\/uploads\/2026\/02\/20260224-rafa-nadal-rio-grande-06-1024x768.jpg 1024w, https:\/\/fatenis.com\/tenisandalucia\/wp-content\/uploads\/2026\/02\/20260224-rafa-nadal-rio-grande-06-300x225.jpg 300w, https:\/\/fatenis.com\/tenisandalucia\/wp-content\/uploads\/2026\/02\/20260224-rafa-nadal-rio-grande-06-768x576.jpg 768w, https:\/\/fatenis.com\/tenisandalucia\/wp-content\/uploads\/2026\/02\/20260224-rafa-nadal-rio-grande-06.jpg 1200w\" sizes=\"(max-width: 640px) 100vw, 640px\" \/><\/p>\n<p>&nbsp;<\/p>\n<p>Fotos: Viktoriia Koroleva<\/p>\n<p>&nbsp;<\/p>\n","protected":false},"excerpt":{"rendered":"<p>El Rafa Nadal Tour by Santander celebr\u00f3 su segunda parada del calendario 2026 en Mairena del Aljarafe, en el Club R\u00edo Grande. La cita cont\u00f3 con una destacada participaci\u00f3n andaluza tanto en resultados como en presencia en las rondas finales. &nbsp; Triunfo andaluz en sub 12 El triunfo lleg\u00f3 con la victoria de Viktoriia Koroleva, [&hellip;]<\/p>\n","protected":false},"author":17,"featured_media":40638,"comment_status":"closed","ping_status":"closed","sticky":false,"template":"","format":"standard","meta":{"_acf_changed":false,"_monsterinsights_skip_tracking":false,"footnotes":""},"categories":[12],"tags":[418,712],"class_list":["post-40636","post","type-post","status-publish","format-standard","has-post-thumbnail","hentry","category-noticias-general","tag-club-rio-grande","tag-rafa-nadal-by-santander"],"acf":[],"yoast_head":"<!-- This site is optimized with the Yoast SEO plugin v28.3 - https:\/\/yoast.com\/product\/yoast-seo-wordpress\/ -->\n<title>Viktoriia Koroleva se corona en la parada de Sevilla del Rafa Nadal Tour by Santander &#8226; Federaci\u00f3n Andaluza de Tenis<\/title>\n<meta name=\"description\" content=\"El Rafa Nadal Tour by Santander hizo su parada de Sevilla, con triunfo de Viktoriia Koroleva en sub 12\" \/>\n<meta name=\"robots\" content=\"index, follow, max-snippet:-1, max-image-preview:large, max-video-preview:-1\" \/>\n<link rel=\"canonical\" href=\"https:\/\/fatenis.com\/tenisandalucia\/viktoriia-koroleva-se-corona-en-la-parada-de-sevilla-del-rafa-nadal-tour-by-santander\/\" \/>\n<meta property=\"og:locale\" content=\"es_ES\" \/>\n<meta property=\"og:type\" content=\"article\" \/>\n<meta property=\"og:title\" content=\"Viktoriia Koroleva se corona en la parada de Sevilla del Rafa Nadal Tour by Santander\" \/>\n<meta property=\"og:description\" content=\"El Rafa Nadal Tour by Santander hizo su parada en Sevilla, con triunfo de Viktoriia Koroleva en sub 12\" \/>\n<meta property=\"og:url\" content=\"https:\/\/fatenis.com\/tenisandalucia\/viktoriia-koroleva-se-corona-en-la-parada-de-sevilla-del-rafa-nadal-tour-by-santander\/\" \/>\n<meta property=\"og:site_name\" content=\"Federaci\u00f3n Andaluza de Tenis\" \/>\n<meta property=\"article:author\" content=\"fatenis\" \/>\n<meta property=\"article:published_time\" content=\"2026-02-24T18:44:45+00:00\" \/>\n<meta property=\"article:modified_time\" content=\"2026-02-24T18:53:29+00:00\" \/>\n<meta property=\"og:image\" content=\"https:\/\/fatenis.com\/tenisandalucia\/wp-content\/uploads\/2026\/02\/20260224-rafa-nadal-rio-grande-02.jpg\" \/>\n\t<meta property=\"og:image:width\" content=\"1200\" \/>\n\t<meta property=\"og:image:height\" content=\"900\" \/>\n\t<meta property=\"og:image:type\" content=\"image\/jpeg\" \/>\n<meta name=\"author\" content=\"Guillermo A. L\u00f3pez Calero\" \/>\n<meta name=\"twitter:card\" content=\"summary_large_image\" \/>\n<meta name=\"twitter:creator\" content=\"@fattenis\" \/>\n<meta name=\"twitter:label1\" content=\"Escrito por\" \/>\n\t<meta name=\"twitter:data1\" content=\"Guillermo A. L\u00f3pez Calero\" \/>\n\t<meta name=\"twitter:label2\" content=\"Tiempo de lectura\" \/>\n\t<meta name=\"twitter:data2\" content=\"2 minutos\" \/>\n<script type=\"application\/ld+json\" class=\"yoast-schema-graph\">{\"@context\":\"https:\\\/\\\/schema.org\",\"@graph\":[{\"@type\":\"Article\",\"@id\":\"https:\\\/\\\/fatenis.com\\\/tenisandalucia\\\/viktoriia-koroleva-se-corona-en-la-parada-de-sevilla-del-rafa-nadal-tour-by-santander\\\/#article\",\"isPartOf\":{\"@id\":\"https:\\\/\\\/fatenis.com\\\/tenisandalucia\\\/viktoriia-koroleva-se-corona-en-la-parada-de-sevilla-del-rafa-nadal-tour-by-santander\\\/\"},\"author\":{\"name\":\"Guillermo A. L\u00f3pez Calero\",\"@id\":\"https:\\\/\\\/fatenis.com\\\/tenisandalucia\\\/#\\\/schema\\\/person\\\/6e4f9e148a5709ff48ce4a4a71de76d0\"},\"headline\":\"Viktoriia Koroleva se corona en la parada de Sevilla del Rafa Nadal Tour by Santander\",\"datePublished\":\"2026-02-24T18:44:45+00:00\",\"dateModified\":\"2026-02-24T18:53:29+00:00\",\"mainEntityOfPage\":{\"@id\":\"https:\\\/\\\/fatenis.com\\\/tenisandalucia\\\/viktoriia-koroleva-se-corona-en-la-parada-de-sevilla-del-rafa-nadal-tour-by-santander\\\/\"},\"wordCount\":306,\"image\":{\"@id\":\"https:\\\/\\\/fatenis.com\\\/tenisandalucia\\\/viktoriia-koroleva-se-corona-en-la-parada-de-sevilla-del-rafa-nadal-tour-by-santander\\\/#primaryimage\"},\"thumbnailUrl\":\"https:\\\/\\\/fatenis.com\\\/tenisandalucia\\\/wp-content\\\/uploads\\\/2026\\\/02\\\/20260224-rafa-nadal-rio-grande-02.jpg\",\"keywords\":[\"Club Rio Grande\",\"Rafa Nadal by Santander\"],\"articleSection\":[\"Noticias General\"],\"inLanguage\":\"es\"},{\"@type\":\"WebPage\",\"@id\":\"https:\\\/\\\/fatenis.com\\\/tenisandalucia\\\/viktoriia-koroleva-se-corona-en-la-parada-de-sevilla-del-rafa-nadal-tour-by-santander\\\/\",\"url\":\"https:\\\/\\\/fatenis.com\\\/tenisandalucia\\\/viktoriia-koroleva-se-corona-en-la-parada-de-sevilla-del-rafa-nadal-tour-by-santander\\\/\",\"name\":\"Viktoriia Koroleva se corona en la parada de Sevilla del Rafa Nadal Tour by Santander &#8226; Federaci\u00f3n Andaluza de Tenis\",\"isPartOf\":{\"@id\":\"https:\\\/\\\/fatenis.com\\\/tenisandalucia\\\/#website\"},\"primaryImageOfPage\":{\"@id\":\"https:\\\/\\\/fatenis.com\\\/tenisandalucia\\\/viktoriia-koroleva-se-corona-en-la-parada-de-sevilla-del-rafa-nadal-tour-by-santander\\\/#primaryimage\"},\"image\":{\"@id\":\"https:\\\/\\\/fatenis.com\\\/tenisandalucia\\\/viktoriia-koroleva-se-corona-en-la-parada-de-sevilla-del-rafa-nadal-tour-by-santander\\\/#primaryimage\"},\"thumbnailUrl\":\"https:\\\/\\\/fatenis.com\\\/tenisandalucia\\\/wp-content\\\/uploads\\\/2026\\\/02\\\/20260224-rafa-nadal-rio-grande-02.jpg\",\"datePublished\":\"2026-02-24T18:44:45+00:00\",\"dateModified\":\"2026-02-24T18:53:29+00:00\",\"author\":{\"@id\":\"https:\\\/\\\/fatenis.com\\\/tenisandalucia\\\/#\\\/schema\\\/person\\\/6e4f9e148a5709ff48ce4a4a71de76d0\"},\"description\":\"El Rafa Nadal Tour by Santander hizo su parada de Sevilla, con triunfo de Viktoriia Koroleva en sub 12\",\"breadcrumb\":{\"@id\":\"https:\\\/\\\/fatenis.com\\\/tenisandalucia\\\/viktoriia-koroleva-se-corona-en-la-parada-de-sevilla-del-rafa-nadal-tour-by-santander\\\/#breadcrumb\"},\"inLanguage\":\"es\",\"potentialAction\":[{\"@type\":\"ReadAction\",\"target\":[\"https:\\\/\\\/fatenis.com\\\/tenisandalucia\\\/viktoriia-koroleva-se-corona-en-la-parada-de-sevilla-del-rafa-nadal-tour-by-santander\\\/\"]}]},{\"@type\":\"ImageObject\",\"inLanguage\":\"es\",\"@id\":\"https:\\\/\\\/fatenis.com\\\/tenisandalucia\\\/viktoriia-koroleva-se-corona-en-la-parada-de-sevilla-del-rafa-nadal-tour-by-santander\\\/#primaryimage\",\"url\":\"https:\\\/\\\/fatenis.com\\\/tenisandalucia\\\/wp-content\\\/uploads\\\/2026\\\/02\\\/20260224-rafa-nadal-rio-grande-02.jpg\",\"contentUrl\":\"https:\\\/\\\/fatenis.com\\\/tenisandalucia\\\/wp-content\\\/uploads\\\/2026\\\/02\\\/20260224-rafa-nadal-rio-grande-02.jpg\",\"width\":1200,\"height\":900,\"caption\":\"Viktoriia Koroleva, campeona sub 12 en el Rafa Nadal by Santander de Sevilla\"},{\"@type\":\"BreadcrumbList\",\"@id\":\"https:\\\/\\\/fatenis.com\\\/tenisandalucia\\\/viktoriia-koroleva-se-corona-en-la-parada-de-sevilla-del-rafa-nadal-tour-by-santander\\\/#breadcrumb\",\"itemListElement\":[{\"@type\":\"ListItem\",\"position\":1,\"name\":\"Portada\",\"item\":\"https:\\\/\\\/fatenis.com\\\/tenisandalucia\\\/\"},{\"@type\":\"ListItem\",\"position\":2,\"name\":\"Viktoriia Koroleva se corona en la parada de Sevilla del Rafa Nadal Tour by Santander\"}]},{\"@type\":\"WebSite\",\"@id\":\"https:\\\/\\\/fatenis.com\\\/tenisandalucia\\\/#website\",\"url\":\"https:\\\/\\\/fatenis.com\\\/tenisandalucia\\\/\",\"name\":\"Federaci\u00f3n Andaluza de Tenis\",\"description\":\"#TenisAndaluc\u00eda\",\"potentialAction\":[{\"@type\":\"SearchAction\",\"target\":{\"@type\":\"EntryPoint\",\"urlTemplate\":\"https:\\\/\\\/fatenis.com\\\/tenisandalucia\\\/?s={search_term_string}\"},\"query-input\":{\"@type\":\"PropertyValueSpecification\",\"valueRequired\":true,\"valueName\":\"search_term_string\"}}],\"inLanguage\":\"es\"},{\"@type\":\"Person\",\"@id\":\"https:\\\/\\\/fatenis.com\\\/tenisandalucia\\\/#\\\/schema\\\/person\\\/6e4f9e148a5709ff48ce4a4a71de76d0\",\"name\":\"Guillermo A. L\u00f3pez Calero\",\"image\":{\"@type\":\"ImageObject\",\"inLanguage\":\"es\",\"@id\":\"https:\\\/\\\/secure.gravatar.com\\\/avatar\\\/56986b4f3245232ee91ac6393808a5f8b12befd5887a0edc806307e113101986?s=96&d=mm&r=g\",\"url\":\"https:\\\/\\\/secure.gravatar.com\\\/avatar\\\/56986b4f3245232ee91ac6393808a5f8b12befd5887a0edc806307e113101986?s=96&d=mm&r=g\",\"contentUrl\":\"https:\\\/\\\/secure.gravatar.com\\\/avatar\\\/56986b4f3245232ee91ac6393808a5f8b12befd5887a0edc806307e113101986?s=96&d=mm&r=g\",\"caption\":\"Guillermo A. L\u00f3pez Calero\"},\"sameAs\":[\"fatenis\",\"fattenis\",\"https:\\\/\\\/x.com\\\/fattenis\"],\"url\":\"https:\\\/\\\/fatenis.com\\\/tenisandalucia\\\/author\\\/rrss\\\/\"}]}<\/script>\n<!-- \/ Yoast SEO plugin. -->","yoast_head_json":{"title":"Viktoriia Koroleva se corona en la parada de Sevilla del Rafa Nadal Tour by Santander &#8226; Federaci\u00f3n Andaluza de Tenis","description":"El Rafa Nadal Tour by Santander hizo su parada de Sevilla, con triunfo de Viktoriia Koroleva en sub 12","robots":{"index":"index","follow":"follow","max-snippet":"max-snippet:-1","max-image-preview":"max-image-preview:large","max-video-preview":"max-video-preview:-1"},"canonical":"https:\/\/fatenis.com\/tenisandalucia\/viktoriia-koroleva-se-corona-en-la-parada-de-sevilla-del-rafa-nadal-tour-by-santander\/","og_locale":"es_ES","og_type":"article","og_title":"Viktoriia Koroleva se corona en la parada de Sevilla del Rafa Nadal Tour by Santander","og_description":"El Rafa Nadal Tour by Santander hizo su parada en Sevilla, con triunfo de Viktoriia Koroleva en sub 12","og_url":"https:\/\/fatenis.com\/tenisandalucia\/viktoriia-koroleva-se-corona-en-la-parada-de-sevilla-del-rafa-nadal-tour-by-santander\/","og_site_name":"Federaci\u00f3n Andaluza de Tenis","article_author":"fatenis","article_published_time":"2026-02-24T18:44:45+00:00","article_modified_time":"2026-02-24T18:53:29+00:00","og_image":[{"width":1200,"height":900,"url":"https:\/\/fatenis.com\/tenisandalucia\/wp-content\/uploads\/2026\/02\/20260224-rafa-nadal-rio-grande-02.jpg","type":"image\/jpeg"}],"author":"Guillermo A. L\u00f3pez Calero","twitter_card":"summary_large_image","twitter_creator":"@fattenis","twitter_misc":{"Escrito por":"Guillermo A. L\u00f3pez Calero","Tiempo de lectura":"2 minutos"},"schema":{"@context":"https:\/\/schema.org","@graph":[{"@type":"Article","@id":"https:\/\/fatenis.com\/tenisandalucia\/viktoriia-koroleva-se-corona-en-la-parada-de-sevilla-del-rafa-nadal-tour-by-santander\/#article","isPartOf":{"@id":"https:\/\/fatenis.com\/tenisandalucia\/viktoriia-koroleva-se-corona-en-la-parada-de-sevilla-del-rafa-nadal-tour-by-santander\/"},"author":{"name":"Guillermo A. L\u00f3pez Calero","@id":"https:\/\/fatenis.com\/tenisandalucia\/#\/schema\/person\/6e4f9e148a5709ff48ce4a4a71de76d0"},"headline":"Viktoriia Koroleva se corona en la parada de Sevilla del Rafa Nadal Tour by Santander","datePublished":"2026-02-24T18:44:45+00:00","dateModified":"2026-02-24T18:53:29+00:00","mainEntityOfPage":{"@id":"https:\/\/fatenis.com\/tenisandalucia\/viktoriia-koroleva-se-corona-en-la-parada-de-sevilla-del-rafa-nadal-tour-by-santander\/"},"wordCount":306,"image":{"@id":"https:\/\/fatenis.com\/tenisandalucia\/viktoriia-koroleva-se-corona-en-la-parada-de-sevilla-del-rafa-nadal-tour-by-santander\/#primaryimage"},"thumbnailUrl":"https:\/\/fatenis.com\/tenisandalucia\/wp-content\/uploads\/2026\/02\/20260224-rafa-nadal-rio-grande-02.jpg","keywords":["Club Rio Grande","Rafa Nadal by Santander"],"articleSection":["Noticias General"],"inLanguage":"es"},{"@type":"WebPage","@id":"https:\/\/fatenis.com\/tenisandalucia\/viktoriia-koroleva-se-corona-en-la-parada-de-sevilla-del-rafa-nadal-tour-by-santander\/","url":"https:\/\/fatenis.com\/tenisandalucia\/viktoriia-koroleva-se-corona-en-la-parada-de-sevilla-del-rafa-nadal-tour-by-santander\/","name":"Viktoriia Koroleva se corona en la parada de Sevilla del Rafa Nadal Tour by Santander &#8226; Federaci\u00f3n Andaluza de Tenis","isPartOf":{"@id":"https:\/\/fatenis.com\/tenisandalucia\/#website"},"primaryImageOfPage":{"@id":"https:\/\/fatenis.com\/tenisandalucia\/viktoriia-koroleva-se-corona-en-la-parada-de-sevilla-del-rafa-nadal-tour-by-santander\/#primaryimage"},"image":{"@id":"https:\/\/fatenis.com\/tenisandalucia\/viktoriia-koroleva-se-corona-en-la-parada-de-sevilla-del-rafa-nadal-tour-by-santander\/#primaryimage"},"thumbnailUrl":"https:\/\/fatenis.com\/tenisandalucia\/wp-content\/uploads\/2026\/02\/20260224-rafa-nadal-rio-grande-02.jpg","datePublished":"2026-02-24T18:44:45+00:00","dateModified":"2026-02-24T18:53:29+00:00","author":{"@id":"https:\/\/fatenis.com\/tenisandalucia\/#\/schema\/person\/6e4f9e148a5709ff48ce4a4a71de76d0"},"description":"El Rafa Nadal Tour by Santander hizo su parada de Sevilla, con triunfo de Viktoriia Koroleva en sub 12","breadcrumb":{"@id":"https:\/\/fatenis.com\/tenisandalucia\/viktoriia-koroleva-se-corona-en-la-parada-de-sevilla-del-rafa-nadal-tour-by-santander\/#breadcrumb"},"inLanguage":"es","potentialAction":[{"@type":"ReadAction","target":["https:\/\/fatenis.com\/tenisandalucia\/viktoriia-koroleva-se-corona-en-la-parada-de-sevilla-del-rafa-nadal-tour-by-santander\/"]}]},{"@type":"ImageObject","inLanguage":"es","@id":"https:\/\/fatenis.com\/tenisandalucia\/viktoriia-koroleva-se-corona-en-la-parada-de-sevilla-del-rafa-nadal-tour-by-santander\/#primaryimage","url":"https:\/\/fatenis.com\/tenisandalucia\/wp-content\/uploads\/2026\/02\/20260224-rafa-nadal-rio-grande-02.jpg","contentUrl":"https:\/\/fatenis.com\/tenisandalucia\/wp-content\/uploads\/2026\/02\/20260224-rafa-nadal-rio-grande-02.jpg","width":1200,"height":900,"caption":"Viktoriia Koroleva, campeona sub 12 en el Rafa Nadal by Santander de Sevilla"},{"@type":"BreadcrumbList","@id":"https:\/\/fatenis.com\/tenisandalucia\/viktoriia-koroleva-se-corona-en-la-parada-de-sevilla-del-rafa-nadal-tour-by-santander\/#breadcrumb","itemListElement":[{"@type":"ListItem","position":1,"name":"Portada","item":"https:\/\/fatenis.com\/tenisandalucia\/"},{"@type":"ListItem","position":2,"name":"Viktoriia Koroleva se corona en la parada de Sevilla del Rafa Nadal Tour by Santander"}]},{"@type":"WebSite","@id":"https:\/\/fatenis.com\/tenisandalucia\/#website","url":"https:\/\/fatenis.com\/tenisandalucia\/","name":"Federaci\u00f3n Andaluza de Tenis","description":"#TenisAndaluc\u00eda","potentialAction":[{"@type":"SearchAction","target":{"@type":"EntryPoint","urlTemplate":"https:\/\/fatenis.com\/tenisandalucia\/?s={search_term_string}"},"query-input":{"@type":"PropertyValueSpecification","valueRequired":true,"valueName":"search_term_string"}}],"inLanguage":"es"},{"@type":"Person","@id":"https:\/\/fatenis.com\/tenisandalucia\/#\/schema\/person\/6e4f9e148a5709ff48ce4a4a71de76d0","name":"Guillermo A. L\u00f3pez Calero","image":{"@type":"ImageObject","inLanguage":"es","@id":"https:\/\/secure.gravatar.com\/avatar\/56986b4f3245232ee91ac6393808a5f8b12befd5887a0edc806307e113101986?s=96&d=mm&r=g","url":"https:\/\/secure.gravatar.com\/avatar\/56986b4f3245232ee91ac6393808a5f8b12befd5887a0edc806307e113101986?s=96&d=mm&r=g","contentUrl":"https:\/\/secure.gravatar.com\/avatar\/56986b4f3245232ee91ac6393808a5f8b12befd5887a0edc806307e113101986?s=96&d=mm&r=g","caption":"Guillermo A. L\u00f3pez Calero"},"sameAs":["fatenis","fattenis","https:\/\/x.com\/fattenis"],"url":"https:\/\/fatenis.com\/tenisandalucia\/author\/rrss\/"}]}},"_links":{"self":[{"href":"https:\/\/fatenis.com\/tenisandalucia\/wp-json\/wp\/v2\/posts\/40636","targetHints":{"allow":["GET"]}}],"collection":[{"href":"https:\/\/fatenis.com\/tenisandalucia\/wp-json\/wp\/v2\/posts"}],"about":[{"href":"https:\/\/fatenis.com\/tenisandalucia\/wp-json\/wp\/v2\/types\/post"}],"author":[{"embeddable":true,"href":"https:\/\/fatenis.com\/tenisandalucia\/wp-json\/wp\/v2\/users\/17"}],"replies":[{"embeddable":true,"href":"https:\/\/fatenis.com\/tenisandalucia\/wp-json\/wp\/v2\/comments?post=40636"}],"version-history":[{"count":7,"href":"https:\/\/fatenis.com\/tenisandalucia\/wp-json\/wp\/v2\/posts\/40636\/revisions"}],"predecessor-version":[{"id":40645,"href":"https:\/\/fatenis.com\/tenisandalucia\/wp-json\/wp\/v2\/posts\/40636\/revisions\/40645"}],"wp:featuredmedia":[{"embeddable":true,"href":"https:\/\/fatenis.com\/tenisandalucia\/wp-json\/wp\/v2\/media\/40638"}],"wp:attachment":[{"href":"https:\/\/fatenis.com\/tenisandalucia\/wp-json\/wp\/v2\/media?parent=40636"}],"wp:term":[{"taxonomy":"category","embeddable":true,"href":"https:\/\/fatenis.com\/tenisandalucia\/wp-json\/wp\/v2\/categories?post=40636"},{"taxonomy":"post_tag","embeddable":true,"href":"https:\/\/fatenis.com\/tenisandalucia\/wp-json\/wp\/v2\/tags?post=40636"}],"curies":[{"name":"wp","href":"https:\/\/api.w.org\/{rel}","templated":true}]}}