{"id":40606,"date":"2026-02-19T08:03:11","date_gmt":"2026-02-19T07:03:11","guid":{"rendered":"https:\/\/fatenis.com\/tenisandalucia\/?p=40606"},"modified":"2026-02-19T08:03:11","modified_gmt":"2026-02-19T07:03:11","slug":"la-junta-de-andalucia-respalda-el-modelo-estrategico-de-excelencia-academica-y-deportiva-de-la-federacion-andaluza-de-tenis","status":"publish","type":"post","link":"https:\/\/fatenis.com\/tenisandalucia\/la-junta-de-andalucia-respalda-el-modelo-estrategico-de-excelencia-academica-y-deportiva-de-la-federacion-andaluza-de-tenis\/","title":{"rendered":"La Junta de Andaluc\u00eda respalda el modelo estrat\u00e9gico de excelencia acad\u00e9mica y deportiva de la Federaci\u00f3n Andaluza de Tenis"},"content":{"rendered":"<p><span style=\"font-weight: 400;\">La <strong>Federaci\u00f3n Andaluza de Tenis (FAT)<\/strong> ha recibido la visita institucional de la <strong>Delegaci\u00f3n Provincial de la Consejer\u00eda de Turismo, Cultura y Deporte de la Junta de Andaluc\u00eda al Centro Especializado de Tecnificaci\u00f3n Deportiva<\/strong>, en una jornada que ha servido para reforzar el respaldo institucional al modelo andaluz de <strong>compatibilidad entre alto rendimiento y formaci\u00f3n acad\u00e9mica<\/strong>.<\/span><\/p>\n<p><span style=\"font-weight: 400;\">El acto cont\u00f3 con la presencia de <\/span><b>Carmen Ortiz<\/b><span style=\"font-weight: 400;\">, delegada provincial, acompa\u00f1ada por el jefe de Deportes, <strong>Ra\u00fal Carmona<\/strong>. Fueron recibidos por el director general de la FAT,<strong> Juan Arisp\u00f3n<\/strong>; el director t\u00e9cnico, <strong>Juan Jos\u00e9 Leal<\/strong>; y <strong>M\u00aa \u00c1ngeles Bizcocho<\/strong>, presidenta del Comit\u00e9 Femenino y vocal de la Junta Directiva.<\/span><\/p>\n<p><span style=\"font-weight: 400;\">Tambi\u00e9n participaron representantes del equipo acad\u00e9mico del programa <strong>CEEDA<\/strong> (Centros Educativos de Excelencia Deportiva de Andaluc\u00eda) del <\/span><b>IES V Centenario<\/b><span style=\"font-weight: 400;\">, encabezados por su directora, <strong>Laura Tirado Hospital<\/strong>, <strong>Mar\u00eda del Patrocinio Garc\u00eda<\/strong>, jefa de estudios, y <strong>F\u00e1tima Vargas<\/strong> y <strong>Pilar Ruiz<\/strong>, tutoras del seguimiento educativo de los deportistas.<\/span><\/p>\n<p><img fetchpriority=\"high\" decoding=\"async\" class=\"alignnone wp-image-40610 size-large\" title=\"Carmen Ortiz, Delegada Provincial de la Junta de Andaluc\u00eda junto a M\u00aa \u00c1ngeles Bizcocho, en la visita institucional de la Junta de Andaluc\u00eda al CETD Blas Infante de la FAT | Foto Fernando V\u00e1zquez\" src=\"https:\/\/fatenis.com\/tenisandalucia\/wp-content\/uploads\/2026\/02\/fatenis-acto-17-02-26-@fernandovazquezfotografo-44-1200x800-carmen-ortiz-mangeles-bizcocho-1024x683.jpg\" alt=\"Carmen Ortiz, Delegada Provincial de la Junta de Andaluc\u00eda junto a M\u00aa \u00c1ngeles Bizcocho, en la visita institucional de la Junta de Andaluc\u00eda al CETD Blas Infante de la FAT | Foto Fernando V\u00e1zquez\" width=\"640\" height=\"427\" srcset=\"https:\/\/fatenis.com\/tenisandalucia\/wp-content\/uploads\/2026\/02\/fatenis-acto-17-02-26-@fernandovazquezfotografo-44-1200x800-carmen-ortiz-mangeles-bizcocho-1024x683.jpg 1024w, https:\/\/fatenis.com\/tenisandalucia\/wp-content\/uploads\/2026\/02\/fatenis-acto-17-02-26-@fernandovazquezfotografo-44-1200x800-carmen-ortiz-mangeles-bizcocho-300x200.jpg 300w, https:\/\/fatenis.com\/tenisandalucia\/wp-content\/uploads\/2026\/02\/fatenis-acto-17-02-26-@fernandovazquezfotografo-44-1200x800-carmen-ortiz-mangeles-bizcocho-768x512.jpg 768w, https:\/\/fatenis.com\/tenisandalucia\/wp-content\/uploads\/2026\/02\/fatenis-acto-17-02-26-@fernandovazquezfotografo-44-1200x800-carmen-ortiz-mangeles-bizcocho.jpg 1200w\" sizes=\"(max-width: 640px) 100vw, 640px\" \/><\/p>\n<p>&nbsp;<\/p>\n<p><b>Un proyecto estrat\u00e9gico para el desarrollo del talento andaluz<\/b><\/p>\n<p><span style=\"font-weight: 400;\">Durante la visita, la delegada provincial ratific\u00f3 la <strong>importancia de la conciliaci\u00f3n entre deporte y estudios<\/strong> como pilar esencial para garantizar la formaci\u00f3n integral de los j\u00f3venes deportistas, destacando que el apoyo de la administraci\u00f3n a este tipo de estructuras supone una apuesta clara por el desarrollo del talento andaluz desde una perspectiva integral.<\/span><\/p>\n<p><span style=\"font-weight: 400;\">La jornada permiti\u00f3 mostrar el funcionamiento global del centro: planificaci\u00f3n t\u00e9cnica, preparaci\u00f3n f\u00edsica, atenci\u00f3n m\u00e9dica, residencia y coordinaci\u00f3n acad\u00e9mica. Un modelo que no solo busca rendimiento deportivo inmediato, sino sostenibilidad a largo plazo.<\/span><\/p>\n<p><span style=\"font-weight: 400;\"><strong>M\u00aa \u00c1ngeles Bizcocho<\/strong> agradeci\u00f3 el respaldo institucional y subray\u00f3 el valor estrat\u00e9gico del apoyo p\u00fablico:<\/span><\/p>\n<p><span style=\"font-weight: 400;\">\u201cCuando la administraci\u00f3n cree en proyectos como este, no solo impulsa el rendimiento deportivo; refuerza un modelo que demuestra que la excelencia acad\u00e9mica y la excelencia deportiva no compiten, sino que se potencian.\u201d<\/span><\/p>\n<p><img decoding=\"async\" class=\"alignnone wp-image-40611 size-large\" title=\"La Junta de Andaluc\u00eda respalda el modelo estrat\u00e9gico de excelencia acad\u00e9mica y deportiva de la Federaci\u00f3n Andaluza de Tenis | Foto Fernando V\u00e1zquez - FAT\" src=\"https:\/\/fatenis.com\/tenisandalucia\/wp-content\/uploads\/2026\/02\/fatenis-acto-17-02-26-@fernandovazquezfotografo-26-1200x800-1-1024x683.jpg\" alt=\"La Junta de Andaluc\u00eda respalda el modelo estrat\u00e9gico de excelencia acad\u00e9mica y deportiva de la Federaci\u00f3n Andaluza de Tenis | Foto Fernando V\u00e1zquez - FAT\" width=\"640\" height=\"427\" srcset=\"https:\/\/fatenis.com\/tenisandalucia\/wp-content\/uploads\/2026\/02\/fatenis-acto-17-02-26-@fernandovazquezfotografo-26-1200x800-1-1024x683.jpg 1024w, https:\/\/fatenis.com\/tenisandalucia\/wp-content\/uploads\/2026\/02\/fatenis-acto-17-02-26-@fernandovazquezfotografo-26-1200x800-1-300x200.jpg 300w, https:\/\/fatenis.com\/tenisandalucia\/wp-content\/uploads\/2026\/02\/fatenis-acto-17-02-26-@fernandovazquezfotografo-26-1200x800-1-768x512.jpg 768w, https:\/\/fatenis.com\/tenisandalucia\/wp-content\/uploads\/2026\/02\/fatenis-acto-17-02-26-@fernandovazquezfotografo-26-1200x800-1.jpg 1200w\" sizes=\"(max-width: 640px) 100vw, 640px\" \/><\/p>\n<p>&nbsp;<\/p>\n<p><b>Coordinaci\u00f3n institucional como clave del \u00e9xito<\/b><\/p>\n<p><span style=\"font-weight: 400;\">Por su parte, la <strong>direcci\u00f3n acad\u00e9mica<\/strong> puso en valor la coordinaci\u00f3n permanente entre profesorado, t\u00e9cnicos y familias como elemento estructural del proyecto. Este trabajo conjunto permite que los deportistas puedan participar en entrenamientos y competiciones de m\u00e1ximo nivel sin comprometer el cumplimiento de sus responsabilidades acad\u00e9micas.<\/span><\/p>\n<p><span style=\"font-weight: 400;\">\u201cNo hay excelencia deportiva sin excelencia acad\u00e9mica. El respaldo de la Junta env\u00eda un mensaje claro: se puede aspirar a lo m\u00e1s alto sin renunciar a la formaci\u00f3n.\u201d<\/span><\/p>\n<p>&nbsp;<\/p>\n<p><span style=\"font-weight: 400;\">La visita concluy\u00f3 con una <strong>fotograf\u00eda institucional junto a deportistas y equipo t\u00e9cnico<\/strong>, simbolizando el <strong>compromiso compartido entre administraci\u00f3n y federaci\u00f3n para consolidar un modelo que combina alto rendimiento, educaci\u00f3n y acompa\u00f1amiento integral<\/strong>.<\/span><\/p>\n<p>&nbsp;<\/p>\n<p><span style=\"font-weight: 400;\">Con este encuentro, la <strong>Federaci\u00f3n Andaluza de Tenis<\/strong> refuerza su posicionamiento como referente en la gesti\u00f3n de centros educativos de excelencia deportiva en Andaluc\u00eda, consolidando una estructura que no solo forma campeones en la pista, sino ciudadanos preparados para el futuro.<\/span><\/p>\n<p>&nbsp;<\/p>\n<p>&nbsp;<\/p>\n<p>Fotos: Fernando V\u00e1zquez (@fernandovazquezfotografo)<\/p>\n","protected":false},"excerpt":{"rendered":"<p>La Federaci\u00f3n Andaluza de Tenis (FAT) ha recibido la visita institucional de la Delegaci\u00f3n Provincial de la Consejer\u00eda de Turismo, Cultura y Deporte de la Junta de Andaluc\u00eda al Centro Especializado de Tecnificaci\u00f3n Deportiva, en una jornada que ha servido para reforzar el respaldo institucional al modelo andaluz de compatibilidad entre alto rendimiento y formaci\u00f3n [&hellip;]<\/p>\n","protected":false},"author":17,"featured_media":40609,"comment_status":"closed","ping_status":"closed","sticky":false,"template":"","format":"standard","meta":{"_acf_changed":false,"_monsterinsights_skip_tracking":false,"footnotes":""},"categories":[12],"tags":[709,707,708,245],"class_list":["post-40606","post","type-post","status-publish","format-standard","has-post-thumbnail","hentry","category-noticias-general","tag-carmen-ortiz","tag-ceeda","tag-ies-v-centenario","tag-junta-de-andalucia"],"acf":[],"yoast_head":"<!-- This site is optimized with the Yoast SEO plugin v28.3 - https:\/\/yoast.com\/product\/yoast-seo-wordpress\/ -->\n<title>La Junta de Andaluc\u00eda respalda el modelo estrat\u00e9gico de excelencia acad\u00e9mica y deportiva de la Federaci\u00f3n Andaluza de Tenis &#8226; Federaci\u00f3n Andaluza de Tenis<\/title>\n<meta name=\"description\" content=\"La Federaci\u00f3n Andaluza de Tenis (FAT) ha recibido la visita institucional de la Delegaci\u00f3n Provincial de la Consejer\u00eda de Turismo, Cultura y Deporte de la Junta de Andaluc\u00eda al Centro Especializado de Tecnificaci\u00f3n Deportiva\" \/>\n<meta name=\"robots\" content=\"index, follow, max-snippet:-1, max-image-preview:large, max-video-preview:-1\" \/>\n<link rel=\"canonical\" href=\"https:\/\/fatenis.com\/tenisandalucia\/la-junta-de-andalucia-respalda-el-modelo-estrategico-de-excelencia-academica-y-deportiva-de-la-federacion-andaluza-de-tenis\/\" \/>\n<meta property=\"og:locale\" content=\"es_ES\" \/>\n<meta property=\"og:type\" content=\"article\" \/>\n<meta property=\"og:title\" content=\"La Junta de Andaluc\u00eda respalda el modelo estrat\u00e9gico de excelencia acad\u00e9mica y deportiva de la Federaci\u00f3n Andaluza de Tenis\" \/>\n<meta property=\"og:description\" content=\"La Federaci\u00f3n Andaluza de Tenis (FAT) ha recibido la visita institucional de la Delegaci\u00f3n Provincial de la Consejer\u00eda de Turismo, Cultura y Deporte de la Junta de Andaluc\u00eda al Centro Especializado de Tecnificaci\u00f3n Deportiva\" \/>\n<meta property=\"og:url\" content=\"https:\/\/fatenis.com\/tenisandalucia\/la-junta-de-andalucia-respalda-el-modelo-estrategico-de-excelencia-academica-y-deportiva-de-la-federacion-andaluza-de-tenis\/\" \/>\n<meta property=\"og:site_name\" content=\"Federaci\u00f3n Andaluza de Tenis\" \/>\n<meta property=\"article:author\" content=\"fatenis\" \/>\n<meta property=\"article:published_time\" content=\"2026-02-19T07:03:11+00:00\" \/>\n<meta property=\"og:image\" content=\"https:\/\/fatenis.com\/tenisandalucia\/wp-content\/uploads\/2026\/02\/fatenis-acto-17-02-26-@fernandovazquezfotografo-55-1200x800-1.jpg\" \/>\n\t<meta property=\"og:image:width\" content=\"1200\" \/>\n\t<meta property=\"og:image:height\" content=\"800\" \/>\n\t<meta property=\"og:image:type\" content=\"image\/jpeg\" \/>\n<meta name=\"author\" content=\"Guillermo A. L\u00f3pez Calero\" \/>\n<meta name=\"twitter:card\" content=\"summary_large_image\" \/>\n<meta name=\"twitter:creator\" content=\"@fattenis\" \/>\n<meta name=\"twitter:label1\" content=\"Escrito por\" \/>\n\t<meta name=\"twitter:data1\" content=\"Guillermo A. L\u00f3pez Calero\" \/>\n\t<meta name=\"twitter:label2\" content=\"Tiempo de lectura\" \/>\n\t<meta name=\"twitter:data2\" content=\"3 minutos\" \/>\n<script type=\"application\/ld+json\" class=\"yoast-schema-graph\">{\"@context\":\"https:\\\/\\\/schema.org\",\"@graph\":[{\"@type\":\"Article\",\"@id\":\"https:\\\/\\\/fatenis.com\\\/tenisandalucia\\\/la-junta-de-andalucia-respalda-el-modelo-estrategico-de-excelencia-academica-y-deportiva-de-la-federacion-andaluza-de-tenis\\\/#article\",\"isPartOf\":{\"@id\":\"https:\\\/\\\/fatenis.com\\\/tenisandalucia\\\/la-junta-de-andalucia-respalda-el-modelo-estrategico-de-excelencia-academica-y-deportiva-de-la-federacion-andaluza-de-tenis\\\/\"},\"author\":{\"name\":\"Guillermo A. L\u00f3pez Calero\",\"@id\":\"https:\\\/\\\/fatenis.com\\\/tenisandalucia\\\/#\\\/schema\\\/person\\\/6e4f9e148a5709ff48ce4a4a71de76d0\"},\"headline\":\"La Junta de Andaluc\u00eda respalda el modelo estrat\u00e9gico de excelencia acad\u00e9mica y deportiva de la Federaci\u00f3n Andaluza de Tenis\",\"datePublished\":\"2026-02-19T07:03:11+00:00\",\"mainEntityOfPage\":{\"@id\":\"https:\\\/\\\/fatenis.com\\\/tenisandalucia\\\/la-junta-de-andalucia-respalda-el-modelo-estrategico-de-excelencia-academica-y-deportiva-de-la-federacion-andaluza-de-tenis\\\/\"},\"wordCount\":539,\"image\":{\"@id\":\"https:\\\/\\\/fatenis.com\\\/tenisandalucia\\\/la-junta-de-andalucia-respalda-el-modelo-estrategico-de-excelencia-academica-y-deportiva-de-la-federacion-andaluza-de-tenis\\\/#primaryimage\"},\"thumbnailUrl\":\"https:\\\/\\\/fatenis.com\\\/tenisandalucia\\\/wp-content\\\/uploads\\\/2026\\\/02\\\/fatenis-acto-17-02-26-@fernandovazquezfotografo-55-1200x800-1.jpg\",\"keywords\":[\"Carmen Ortiz\",\"CEEDA\",\"IES V Centenario\",\"Junta de Andaluc\u00eda\"],\"articleSection\":[\"Noticias General\"],\"inLanguage\":\"es\"},{\"@type\":\"WebPage\",\"@id\":\"https:\\\/\\\/fatenis.com\\\/tenisandalucia\\\/la-junta-de-andalucia-respalda-el-modelo-estrategico-de-excelencia-academica-y-deportiva-de-la-federacion-andaluza-de-tenis\\\/\",\"url\":\"https:\\\/\\\/fatenis.com\\\/tenisandalucia\\\/la-junta-de-andalucia-respalda-el-modelo-estrategico-de-excelencia-academica-y-deportiva-de-la-federacion-andaluza-de-tenis\\\/\",\"name\":\"La Junta de Andaluc\u00eda respalda el modelo estrat\u00e9gico de excelencia acad\u00e9mica y deportiva de la Federaci\u00f3n Andaluza de Tenis &#8226; Federaci\u00f3n Andaluza de Tenis\",\"isPartOf\":{\"@id\":\"https:\\\/\\\/fatenis.com\\\/tenisandalucia\\\/#website\"},\"primaryImageOfPage\":{\"@id\":\"https:\\\/\\\/fatenis.com\\\/tenisandalucia\\\/la-junta-de-andalucia-respalda-el-modelo-estrategico-de-excelencia-academica-y-deportiva-de-la-federacion-andaluza-de-tenis\\\/#primaryimage\"},\"image\":{\"@id\":\"https:\\\/\\\/fatenis.com\\\/tenisandalucia\\\/la-junta-de-andalucia-respalda-el-modelo-estrategico-de-excelencia-academica-y-deportiva-de-la-federacion-andaluza-de-tenis\\\/#primaryimage\"},\"thumbnailUrl\":\"https:\\\/\\\/fatenis.com\\\/tenisandalucia\\\/wp-content\\\/uploads\\\/2026\\\/02\\\/fatenis-acto-17-02-26-@fernandovazquezfotografo-55-1200x800-1.jpg\",\"datePublished\":\"2026-02-19T07:03:11+00:00\",\"author\":{\"@id\":\"https:\\\/\\\/fatenis.com\\\/tenisandalucia\\\/#\\\/schema\\\/person\\\/6e4f9e148a5709ff48ce4a4a71de76d0\"},\"description\":\"La Federaci\u00f3n Andaluza de Tenis (FAT) ha recibido la visita institucional de la Delegaci\u00f3n Provincial de la Consejer\u00eda de Turismo, Cultura y Deporte de la Junta de Andaluc\u00eda al Centro Especializado de Tecnificaci\u00f3n Deportiva\",\"breadcrumb\":{\"@id\":\"https:\\\/\\\/fatenis.com\\\/tenisandalucia\\\/la-junta-de-andalucia-respalda-el-modelo-estrategico-de-excelencia-academica-y-deportiva-de-la-federacion-andaluza-de-tenis\\\/#breadcrumb\"},\"inLanguage\":\"es\",\"potentialAction\":[{\"@type\":\"ReadAction\",\"target\":[\"https:\\\/\\\/fatenis.com\\\/tenisandalucia\\\/la-junta-de-andalucia-respalda-el-modelo-estrategico-de-excelencia-academica-y-deportiva-de-la-federacion-andaluza-de-tenis\\\/\"]}]},{\"@type\":\"ImageObject\",\"inLanguage\":\"es\",\"@id\":\"https:\\\/\\\/fatenis.com\\\/tenisandalucia\\\/la-junta-de-andalucia-respalda-el-modelo-estrategico-de-excelencia-academica-y-deportiva-de-la-federacion-andaluza-de-tenis\\\/#primaryimage\",\"url\":\"https:\\\/\\\/fatenis.com\\\/tenisandalucia\\\/wp-content\\\/uploads\\\/2026\\\/02\\\/fatenis-acto-17-02-26-@fernandovazquezfotografo-55-1200x800-1.jpg\",\"contentUrl\":\"https:\\\/\\\/fatenis.com\\\/tenisandalucia\\\/wp-content\\\/uploads\\\/2026\\\/02\\\/fatenis-acto-17-02-26-@fernandovazquezfotografo-55-1200x800-1.jpg\",\"width\":1200,\"height\":800,\"caption\":\"La Junta de Andaluc\u00eda respalda el modelo estrat\u00e9gico de excelencia acad\u00e9mica y deportiva de la Federaci\u00f3n Andaluza de Tenis | Foto Fernando V\u00e1zquez - FAT\"},{\"@type\":\"BreadcrumbList\",\"@id\":\"https:\\\/\\\/fatenis.com\\\/tenisandalucia\\\/la-junta-de-andalucia-respalda-el-modelo-estrategico-de-excelencia-academica-y-deportiva-de-la-federacion-andaluza-de-tenis\\\/#breadcrumb\",\"itemListElement\":[{\"@type\":\"ListItem\",\"position\":1,\"name\":\"Portada\",\"item\":\"https:\\\/\\\/fatenis.com\\\/tenisandalucia\\\/\"},{\"@type\":\"ListItem\",\"position\":2,\"name\":\"La Junta de Andaluc\u00eda respalda el modelo estrat\u00e9gico de excelencia acad\u00e9mica y deportiva de la Federaci\u00f3n Andaluza de Tenis\"}]},{\"@type\":\"WebSite\",\"@id\":\"https:\\\/\\\/fatenis.com\\\/tenisandalucia\\\/#website\",\"url\":\"https:\\\/\\\/fatenis.com\\\/tenisandalucia\\\/\",\"name\":\"Federaci\u00f3n Andaluza de Tenis\",\"description\":\"#TenisAndaluc\u00eda\",\"potentialAction\":[{\"@type\":\"SearchAction\",\"target\":{\"@type\":\"EntryPoint\",\"urlTemplate\":\"https:\\\/\\\/fatenis.com\\\/tenisandalucia\\\/?s={search_term_string}\"},\"query-input\":{\"@type\":\"PropertyValueSpecification\",\"valueRequired\":true,\"valueName\":\"search_term_string\"}}],\"inLanguage\":\"es\"},{\"@type\":\"Person\",\"@id\":\"https:\\\/\\\/fatenis.com\\\/tenisandalucia\\\/#\\\/schema\\\/person\\\/6e4f9e148a5709ff48ce4a4a71de76d0\",\"name\":\"Guillermo A. L\u00f3pez Calero\",\"image\":{\"@type\":\"ImageObject\",\"inLanguage\":\"es\",\"@id\":\"https:\\\/\\\/secure.gravatar.com\\\/avatar\\\/56986b4f3245232ee91ac6393808a5f8b12befd5887a0edc806307e113101986?s=96&d=mm&r=g\",\"url\":\"https:\\\/\\\/secure.gravatar.com\\\/avatar\\\/56986b4f3245232ee91ac6393808a5f8b12befd5887a0edc806307e113101986?s=96&d=mm&r=g\",\"contentUrl\":\"https:\\\/\\\/secure.gravatar.com\\\/avatar\\\/56986b4f3245232ee91ac6393808a5f8b12befd5887a0edc806307e113101986?s=96&d=mm&r=g\",\"caption\":\"Guillermo A. L\u00f3pez Calero\"},\"sameAs\":[\"fatenis\",\"fattenis\",\"https:\\\/\\\/x.com\\\/fattenis\"],\"url\":\"https:\\\/\\\/fatenis.com\\\/tenisandalucia\\\/author\\\/rrss\\\/\"}]}<\/script>\n<!-- \/ Yoast SEO plugin. -->","yoast_head_json":{"title":"La Junta de Andaluc\u00eda respalda el modelo estrat\u00e9gico de excelencia acad\u00e9mica y deportiva de la Federaci\u00f3n Andaluza de Tenis &#8226; Federaci\u00f3n Andaluza de Tenis","description":"La Federaci\u00f3n Andaluza de Tenis (FAT) ha recibido la visita institucional de la Delegaci\u00f3n Provincial de la Consejer\u00eda de Turismo, Cultura y Deporte de la Junta de Andaluc\u00eda al Centro Especializado de Tecnificaci\u00f3n Deportiva","robots":{"index":"index","follow":"follow","max-snippet":"max-snippet:-1","max-image-preview":"max-image-preview:large","max-video-preview":"max-video-preview:-1"},"canonical":"https:\/\/fatenis.com\/tenisandalucia\/la-junta-de-andalucia-respalda-el-modelo-estrategico-de-excelencia-academica-y-deportiva-de-la-federacion-andaluza-de-tenis\/","og_locale":"es_ES","og_type":"article","og_title":"La Junta de Andaluc\u00eda respalda el modelo estrat\u00e9gico de excelencia acad\u00e9mica y deportiva de la Federaci\u00f3n Andaluza de Tenis","og_description":"La Federaci\u00f3n Andaluza de Tenis (FAT) ha recibido la visita institucional de la Delegaci\u00f3n Provincial de la Consejer\u00eda de Turismo, Cultura y Deporte de la Junta de Andaluc\u00eda al Centro Especializado de Tecnificaci\u00f3n Deportiva","og_url":"https:\/\/fatenis.com\/tenisandalucia\/la-junta-de-andalucia-respalda-el-modelo-estrategico-de-excelencia-academica-y-deportiva-de-la-federacion-andaluza-de-tenis\/","og_site_name":"Federaci\u00f3n Andaluza de Tenis","article_author":"fatenis","article_published_time":"2026-02-19T07:03:11+00:00","og_image":[{"width":1200,"height":800,"url":"https:\/\/fatenis.com\/tenisandalucia\/wp-content\/uploads\/2026\/02\/fatenis-acto-17-02-26-@fernandovazquezfotografo-55-1200x800-1.jpg","type":"image\/jpeg"}],"author":"Guillermo A. L\u00f3pez Calero","twitter_card":"summary_large_image","twitter_creator":"@fattenis","twitter_misc":{"Escrito por":"Guillermo A. L\u00f3pez Calero","Tiempo de lectura":"3 minutos"},"schema":{"@context":"https:\/\/schema.org","@graph":[{"@type":"Article","@id":"https:\/\/fatenis.com\/tenisandalucia\/la-junta-de-andalucia-respalda-el-modelo-estrategico-de-excelencia-academica-y-deportiva-de-la-federacion-andaluza-de-tenis\/#article","isPartOf":{"@id":"https:\/\/fatenis.com\/tenisandalucia\/la-junta-de-andalucia-respalda-el-modelo-estrategico-de-excelencia-academica-y-deportiva-de-la-federacion-andaluza-de-tenis\/"},"author":{"name":"Guillermo A. L\u00f3pez Calero","@id":"https:\/\/fatenis.com\/tenisandalucia\/#\/schema\/person\/6e4f9e148a5709ff48ce4a4a71de76d0"},"headline":"La Junta de Andaluc\u00eda respalda el modelo estrat\u00e9gico de excelencia acad\u00e9mica y deportiva de la Federaci\u00f3n Andaluza de Tenis","datePublished":"2026-02-19T07:03:11+00:00","mainEntityOfPage":{"@id":"https:\/\/fatenis.com\/tenisandalucia\/la-junta-de-andalucia-respalda-el-modelo-estrategico-de-excelencia-academica-y-deportiva-de-la-federacion-andaluza-de-tenis\/"},"wordCount":539,"image":{"@id":"https:\/\/fatenis.com\/tenisandalucia\/la-junta-de-andalucia-respalda-el-modelo-estrategico-de-excelencia-academica-y-deportiva-de-la-federacion-andaluza-de-tenis\/#primaryimage"},"thumbnailUrl":"https:\/\/fatenis.com\/tenisandalucia\/wp-content\/uploads\/2026\/02\/fatenis-acto-17-02-26-@fernandovazquezfotografo-55-1200x800-1.jpg","keywords":["Carmen Ortiz","CEEDA","IES V Centenario","Junta de Andaluc\u00eda"],"articleSection":["Noticias General"],"inLanguage":"es"},{"@type":"WebPage","@id":"https:\/\/fatenis.com\/tenisandalucia\/la-junta-de-andalucia-respalda-el-modelo-estrategico-de-excelencia-academica-y-deportiva-de-la-federacion-andaluza-de-tenis\/","url":"https:\/\/fatenis.com\/tenisandalucia\/la-junta-de-andalucia-respalda-el-modelo-estrategico-de-excelencia-academica-y-deportiva-de-la-federacion-andaluza-de-tenis\/","name":"La Junta de Andaluc\u00eda respalda el modelo estrat\u00e9gico de excelencia acad\u00e9mica y deportiva de la Federaci\u00f3n Andaluza de Tenis &#8226; Federaci\u00f3n Andaluza de Tenis","isPartOf":{"@id":"https:\/\/fatenis.com\/tenisandalucia\/#website"},"primaryImageOfPage":{"@id":"https:\/\/fatenis.com\/tenisandalucia\/la-junta-de-andalucia-respalda-el-modelo-estrategico-de-excelencia-academica-y-deportiva-de-la-federacion-andaluza-de-tenis\/#primaryimage"},"image":{"@id":"https:\/\/fatenis.com\/tenisandalucia\/la-junta-de-andalucia-respalda-el-modelo-estrategico-de-excelencia-academica-y-deportiva-de-la-federacion-andaluza-de-tenis\/#primaryimage"},"thumbnailUrl":"https:\/\/fatenis.com\/tenisandalucia\/wp-content\/uploads\/2026\/02\/fatenis-acto-17-02-26-@fernandovazquezfotografo-55-1200x800-1.jpg","datePublished":"2026-02-19T07:03:11+00:00","author":{"@id":"https:\/\/fatenis.com\/tenisandalucia\/#\/schema\/person\/6e4f9e148a5709ff48ce4a4a71de76d0"},"description":"La Federaci\u00f3n Andaluza de Tenis (FAT) ha recibido la visita institucional de la Delegaci\u00f3n Provincial de la Consejer\u00eda de Turismo, Cultura y Deporte de la Junta de Andaluc\u00eda al Centro Especializado de Tecnificaci\u00f3n Deportiva","breadcrumb":{"@id":"https:\/\/fatenis.com\/tenisandalucia\/la-junta-de-andalucia-respalda-el-modelo-estrategico-de-excelencia-academica-y-deportiva-de-la-federacion-andaluza-de-tenis\/#breadcrumb"},"inLanguage":"es","potentialAction":[{"@type":"ReadAction","target":["https:\/\/fatenis.com\/tenisandalucia\/la-junta-de-andalucia-respalda-el-modelo-estrategico-de-excelencia-academica-y-deportiva-de-la-federacion-andaluza-de-tenis\/"]}]},{"@type":"ImageObject","inLanguage":"es","@id":"https:\/\/fatenis.com\/tenisandalucia\/la-junta-de-andalucia-respalda-el-modelo-estrategico-de-excelencia-academica-y-deportiva-de-la-federacion-andaluza-de-tenis\/#primaryimage","url":"https:\/\/fatenis.com\/tenisandalucia\/wp-content\/uploads\/2026\/02\/fatenis-acto-17-02-26-@fernandovazquezfotografo-55-1200x800-1.jpg","contentUrl":"https:\/\/fatenis.com\/tenisandalucia\/wp-content\/uploads\/2026\/02\/fatenis-acto-17-02-26-@fernandovazquezfotografo-55-1200x800-1.jpg","width":1200,"height":800,"caption":"La Junta de Andaluc\u00eda respalda el modelo estrat\u00e9gico de excelencia acad\u00e9mica y deportiva de la Federaci\u00f3n Andaluza de Tenis | Foto Fernando V\u00e1zquez - FAT"},{"@type":"BreadcrumbList","@id":"https:\/\/fatenis.com\/tenisandalucia\/la-junta-de-andalucia-respalda-el-modelo-estrategico-de-excelencia-academica-y-deportiva-de-la-federacion-andaluza-de-tenis\/#breadcrumb","itemListElement":[{"@type":"ListItem","position":1,"name":"Portada","item":"https:\/\/fatenis.com\/tenisandalucia\/"},{"@type":"ListItem","position":2,"name":"La Junta de Andaluc\u00eda respalda el modelo estrat\u00e9gico de excelencia acad\u00e9mica y deportiva de la Federaci\u00f3n Andaluza de Tenis"}]},{"@type":"WebSite","@id":"https:\/\/fatenis.com\/tenisandalucia\/#website","url":"https:\/\/fatenis.com\/tenisandalucia\/","name":"Federaci\u00f3n Andaluza de Tenis","description":"#TenisAndaluc\u00eda","potentialAction":[{"@type":"SearchAction","target":{"@type":"EntryPoint","urlTemplate":"https:\/\/fatenis.com\/tenisandalucia\/?s={search_term_string}"},"query-input":{"@type":"PropertyValueSpecification","valueRequired":true,"valueName":"search_term_string"}}],"inLanguage":"es"},{"@type":"Person","@id":"https:\/\/fatenis.com\/tenisandalucia\/#\/schema\/person\/6e4f9e148a5709ff48ce4a4a71de76d0","name":"Guillermo A. L\u00f3pez Calero","image":{"@type":"ImageObject","inLanguage":"es","@id":"https:\/\/secure.gravatar.com\/avatar\/56986b4f3245232ee91ac6393808a5f8b12befd5887a0edc806307e113101986?s=96&d=mm&r=g","url":"https:\/\/secure.gravatar.com\/avatar\/56986b4f3245232ee91ac6393808a5f8b12befd5887a0edc806307e113101986?s=96&d=mm&r=g","contentUrl":"https:\/\/secure.gravatar.com\/avatar\/56986b4f3245232ee91ac6393808a5f8b12befd5887a0edc806307e113101986?s=96&d=mm&r=g","caption":"Guillermo A. L\u00f3pez Calero"},"sameAs":["fatenis","fattenis","https:\/\/x.com\/fattenis"],"url":"https:\/\/fatenis.com\/tenisandalucia\/author\/rrss\/"}]}},"_links":{"self":[{"href":"https:\/\/fatenis.com\/tenisandalucia\/wp-json\/wp\/v2\/posts\/40606","targetHints":{"allow":["GET"]}}],"collection":[{"href":"https:\/\/fatenis.com\/tenisandalucia\/wp-json\/wp\/v2\/posts"}],"about":[{"href":"https:\/\/fatenis.com\/tenisandalucia\/wp-json\/wp\/v2\/types\/post"}],"author":[{"embeddable":true,"href":"https:\/\/fatenis.com\/tenisandalucia\/wp-json\/wp\/v2\/users\/17"}],"replies":[{"embeddable":true,"href":"https:\/\/fatenis.com\/tenisandalucia\/wp-json\/wp\/v2\/comments?post=40606"}],"version-history":[{"count":2,"href":"https:\/\/fatenis.com\/tenisandalucia\/wp-json\/wp\/v2\/posts\/40606\/revisions"}],"predecessor-version":[{"id":40612,"href":"https:\/\/fatenis.com\/tenisandalucia\/wp-json\/wp\/v2\/posts\/40606\/revisions\/40612"}],"wp:featuredmedia":[{"embeddable":true,"href":"https:\/\/fatenis.com\/tenisandalucia\/wp-json\/wp\/v2\/media\/40609"}],"wp:attachment":[{"href":"https:\/\/fatenis.com\/tenisandalucia\/wp-json\/wp\/v2\/media?parent=40606"}],"wp:term":[{"taxonomy":"category","embeddable":true,"href":"https:\/\/fatenis.com\/tenisandalucia\/wp-json\/wp\/v2\/categories?post=40606"},{"taxonomy":"post_tag","embeddable":true,"href":"https:\/\/fatenis.com\/tenisandalucia\/wp-json\/wp\/v2\/tags?post=40606"}],"curies":[{"name":"wp","href":"https:\/\/api.w.org\/{rel}","templated":true}]}}