{"id":38248,"date":"2025-10-03T00:36:10","date_gmt":"2025-10-02T22:36:10","guid":{"rendered":"https:\/\/fatenis.com\/tenisandalucia\/?p=38248"},"modified":"2025-10-03T00:36:10","modified_gmt":"2025-10-02T22:36:10","slug":"la-andaluza-eva-guerrero-y-la-gallega-noelia-bouzo-esperanzas-nacionales-en-el-itf-de-baza","status":"publish","type":"post","link":"https:\/\/fatenis.com\/tenisandalucia\/la-andaluza-eva-guerrero-y-la-gallega-noelia-bouzo-esperanzas-nacionales-en-el-itf-de-baza\/","title":{"rendered":"La andaluza Eva Guerrero y la gallega Noelia Bouzo, esperanzas nacionales en el ITF de Baza"},"content":{"rendered":"<p>La jornada del jueves en el <strong>OPEN JCastillo-Occident by Diputaci\u00f3n de Granada<\/strong> no dej\u00f3 indiferente a nadie. Si el mi\u00e9rcoles las favoritas cumplieron con las expectativas, en esta ocasi\u00f3n la gran sorpresa lleg\u00f3 nada m\u00e1s comenzar el d\u00eda con la cabeza de serie n\u00famero 2, <strong>Valentina Ryser<\/strong>, cediendo en su duelo particular con <strong>Noelia Bouzo Zanotti<\/strong>. La natural de Ourense fue capaz de imponerse tras casi tres horas de juego en el que fue el partido m\u00e1s largo del primer turno. Le cost\u00f3 llegar al tercer set y, como ocurriera en el primero, vencer en el tie-break para amarrar su billete a los Cuartos de Final del torneo.<\/p>\n<p>A la misma vez comenzaba, pero en la Pista Occident, el enfrentamiento de otra de las espa\u00f1olas en los octavos: <strong>Giorgina Garc\u00eda-P\u00e9rez<\/strong>. La de Barcelona, tras pasar por la fase de qualy e ir sumando confianza a su juego, no pudo esta vez alcanzar su mejor versi\u00f3n y cay\u00f3 derrotada frente a la alemana <strong>Steur [7]<\/strong>. De esta forma, fallaba el ut\u00f3pico -por clasificaci\u00f3n- pleno espa\u00f1ol a las primeras de cambio. A su eliminaci\u00f3n se le sum\u00f3 seguidamente la de <strong>Lorena Sola<\/strong>r. La andaluza, despu\u00e9s de nivelar el tanteo, no fue capaz de prolongar su buen momento durante el set definitivo, con la portentosa <strong>Alexis Blokhina<\/strong> haciendo valer ranking para avanzar un nivel m\u00e1s en este Open. Por tanto, ambas wild-cards se desped\u00edan a la misma altura de competici\u00f3n.<\/p>\n<p>&nbsp;<\/p>\n<p><strong>Firmeza patria<\/strong><br \/>\nEl duelo que dejar\u00eda -en el peor de los escenarios- al menos una tenista espa\u00f1ola en Cuartos, el de <strong>Eva Guerrero [4] y Alba Rey<\/strong>, se lo embols\u00f3 la primera de ellas en uno de los mejores partidos\u00a0 jam\u00e1s vistos en las instalaciones del Cid Hiaya. Precisi\u00f3n, intercambio de golpes, dominancia en el saque y una resistencia f\u00edsica que les permit\u00eda a ambas llegar a l\u00edmites de pista durante las m\u00e1s de tres horas y media que estuvieron poni\u00e9ndose a prueba. Se lo qued\u00f3 Guerrero despu\u00e9s de ganarlo tambi\u00e9n en un definitorio tie-break, lo que reafirm\u00f3 la igualdad que se est\u00e1 viendo en territorio bastetano durante toda esta semana. Si no, que se lo digan a <strong>Marina Bassols<\/strong>, la mayor esperanza para que la estatua de la Dama de Baza recaiga por primera vez en una tenista nacional, y que tuvo tambi\u00e9n que sufrir m\u00e1s de lo deseado para dejar en el camino a la lituana Beatrise Celtina.<\/p>\n<p>Por su parte, el d\u00eda se cerraba con la suiza <strong>Susan Bandecchi<\/strong>, vigente campeona y n\u00famero uno del cuadro, midiendo sensaciones contra Carmen L\u00f3pez. El partido, que se qued\u00f3 en la hora de duraci\u00f3n, le sirvi\u00f3 para reencontrarse consigo misma. Tras un estreno algo m\u00e1s err\u00e1tica, en esta ocasi\u00f3n demostr\u00f3 que a su mejor versi\u00f3n va a ser muy dif\u00edcil derrotarla. Aunque ella misma advirti\u00f3 que \u201ca\u00fan puede dar m\u00e1s y mejorar en algunos aspectos\u201d.<\/p>\n<p>&nbsp;<\/p>\n<p><strong>El dobles<\/strong><br \/>\nEl torneo por parejas contin\u00faa celebr\u00e1ndose a la par que el de individuales. De hecho, ya se conoce uno de los d\u00faos que tratar\u00e1 de coronarse como nuevas campeonas: Mar\u00eda Oliver S\u00e1nchez, que une fuerzas con la serbia Mila Masic, y que han dejado en la estacada a las holandesas Bosman y Van Poppel. Por el otro lado queda por descubrir si ser\u00e1n las hispanogermanas Bouzo-Steur o la dupla Mart\u00ednez-Rey, quienes a priori parten con relativa ventaja -en ranking- para acceder a la \u00faltima ronda del Opel JCastillo-Occident by Diputaci\u00f3n de Granada. Este viernes se descubrir\u00e1n los nombres.<\/p>\n<p>&nbsp;<\/p>\n<p>Nota de Prensa ITF W50 Baza<\/p>\n","protected":false},"excerpt":{"rendered":"<p>La jornada del jueves en el OPEN JCastillo-Occident by Diputaci\u00f3n de Granada no dej\u00f3 indiferente a nadie. Si el mi\u00e9rcoles las favoritas cumplieron con las expectativas, en esta ocasi\u00f3n la gran sorpresa lleg\u00f3 nada m\u00e1s comenzar el d\u00eda con la cabeza de serie n\u00famero 2, Valentina Ryser, cediendo en su duelo particular con Noelia Bouzo [&hellip;]<\/p>\n","protected":false},"author":17,"featured_media":38249,"comment_status":"closed","ping_status":"closed","sticky":false,"template":"","format":"standard","meta":{"_acf_changed":false,"_monsterinsights_skip_tracking":false,"footnotes":""},"categories":[12],"tags":[622],"class_list":["post-38248","post","type-post","status-publish","format-standard","has-post-thumbnail","hentry","category-noticias-general","tag-itf-baza"],"acf":[],"yoast_head":"<!-- This site is optimized with the Yoast SEO plugin v28.3 - https:\/\/yoast.com\/product\/yoast-seo-wordpress\/ -->\n<title>La andaluza Eva Guerrero y la gallega Noelia Bouzo, esperanzas nacionales en el ITF de Baza &#8226; Federaci\u00f3n Andaluza de Tenis<\/title>\n<meta name=\"description\" content=\"La andaluza Eva Guerrero y la gallega Noelia Bouzo, esperanzas nacionales en el ITF de Baza\" \/>\n<meta name=\"robots\" content=\"index, follow, max-snippet:-1, max-image-preview:large, max-video-preview:-1\" \/>\n<link rel=\"canonical\" href=\"https:\/\/fatenis.com\/tenisandalucia\/la-andaluza-eva-guerrero-y-la-gallega-noelia-bouzo-esperanzas-nacionales-en-el-itf-de-baza\/\" \/>\n<meta property=\"og:locale\" content=\"es_ES\" \/>\n<meta property=\"og:type\" content=\"article\" \/>\n<meta property=\"og:title\" content=\"La andaluza Eva Guerrero y la gallega Noelia Bouzo, esperanzas nacionales en el ITF de Baza\" \/>\n<meta property=\"og:description\" content=\"La andaluza Eva Guerrero y la gallega Noelia Bouzo, esperanzas nacionales en el ITF de Baza\" \/>\n<meta property=\"og:url\" content=\"https:\/\/fatenis.com\/tenisandalucia\/la-andaluza-eva-guerrero-y-la-gallega-noelia-bouzo-esperanzas-nacionales-en-el-itf-de-baza\/\" \/>\n<meta property=\"og:site_name\" content=\"Federaci\u00f3n Andaluza de Tenis\" \/>\n<meta property=\"article:author\" content=\"fatenis\" \/>\n<meta property=\"article:published_time\" content=\"2025-10-02T22:36:10+00:00\" \/>\n<meta property=\"og:image\" content=\"https:\/\/fatenis.com\/tenisandalucia\/wp-content\/uploads\/2025\/10\/20251003-itf-baza-1200.jpg\" \/>\n\t<meta property=\"og:image:width\" content=\"1200\" \/>\n\t<meta property=\"og:image:height\" content=\"800\" \/>\n\t<meta property=\"og:image:type\" content=\"image\/jpeg\" \/>\n<meta name=\"author\" content=\"Guillermo A. L\u00f3pez Calero\" \/>\n<meta name=\"twitter:card\" content=\"summary_large_image\" \/>\n<meta name=\"twitter:creator\" content=\"@fattenis\" \/>\n<meta name=\"twitter:label1\" content=\"Escrito por\" \/>\n\t<meta name=\"twitter:data1\" content=\"Guillermo A. L\u00f3pez Calero\" \/>\n\t<meta name=\"twitter:label2\" content=\"Tiempo de lectura\" \/>\n\t<meta name=\"twitter:data2\" content=\"3 minutos\" \/>\n<script type=\"application\/ld+json\" class=\"yoast-schema-graph\">{\"@context\":\"https:\\\/\\\/schema.org\",\"@graph\":[{\"@type\":\"Article\",\"@id\":\"https:\\\/\\\/fatenis.com\\\/tenisandalucia\\\/la-andaluza-eva-guerrero-y-la-gallega-noelia-bouzo-esperanzas-nacionales-en-el-itf-de-baza\\\/#article\",\"isPartOf\":{\"@id\":\"https:\\\/\\\/fatenis.com\\\/tenisandalucia\\\/la-andaluza-eva-guerrero-y-la-gallega-noelia-bouzo-esperanzas-nacionales-en-el-itf-de-baza\\\/\"},\"author\":{\"name\":\"Guillermo A. L\u00f3pez Calero\",\"@id\":\"https:\\\/\\\/fatenis.com\\\/tenisandalucia\\\/#\\\/schema\\\/person\\\/6e4f9e148a5709ff48ce4a4a71de76d0\"},\"headline\":\"La andaluza Eva Guerrero y la gallega Noelia Bouzo, esperanzas nacionales en el ITF de Baza\",\"datePublished\":\"2025-10-02T22:36:10+00:00\",\"mainEntityOfPage\":{\"@id\":\"https:\\\/\\\/fatenis.com\\\/tenisandalucia\\\/la-andaluza-eva-guerrero-y-la-gallega-noelia-bouzo-esperanzas-nacionales-en-el-itf-de-baza\\\/\"},\"wordCount\":646,\"image\":{\"@id\":\"https:\\\/\\\/fatenis.com\\\/tenisandalucia\\\/la-andaluza-eva-guerrero-y-la-gallega-noelia-bouzo-esperanzas-nacionales-en-el-itf-de-baza\\\/#primaryimage\"},\"thumbnailUrl\":\"https:\\\/\\\/fatenis.com\\\/tenisandalucia\\\/wp-content\\\/uploads\\\/2025\\\/10\\\/20251003-itf-baza-1200.jpg\",\"keywords\":[\"ITF Baza\"],\"articleSection\":[\"Noticias General\"],\"inLanguage\":\"es\"},{\"@type\":\"WebPage\",\"@id\":\"https:\\\/\\\/fatenis.com\\\/tenisandalucia\\\/la-andaluza-eva-guerrero-y-la-gallega-noelia-bouzo-esperanzas-nacionales-en-el-itf-de-baza\\\/\",\"url\":\"https:\\\/\\\/fatenis.com\\\/tenisandalucia\\\/la-andaluza-eva-guerrero-y-la-gallega-noelia-bouzo-esperanzas-nacionales-en-el-itf-de-baza\\\/\",\"name\":\"La andaluza Eva Guerrero y la gallega Noelia Bouzo, esperanzas nacionales en el ITF de Baza &#8226; Federaci\u00f3n Andaluza de Tenis\",\"isPartOf\":{\"@id\":\"https:\\\/\\\/fatenis.com\\\/tenisandalucia\\\/#website\"},\"primaryImageOfPage\":{\"@id\":\"https:\\\/\\\/fatenis.com\\\/tenisandalucia\\\/la-andaluza-eva-guerrero-y-la-gallega-noelia-bouzo-esperanzas-nacionales-en-el-itf-de-baza\\\/#primaryimage\"},\"image\":{\"@id\":\"https:\\\/\\\/fatenis.com\\\/tenisandalucia\\\/la-andaluza-eva-guerrero-y-la-gallega-noelia-bouzo-esperanzas-nacionales-en-el-itf-de-baza\\\/#primaryimage\"},\"thumbnailUrl\":\"https:\\\/\\\/fatenis.com\\\/tenisandalucia\\\/wp-content\\\/uploads\\\/2025\\\/10\\\/20251003-itf-baza-1200.jpg\",\"datePublished\":\"2025-10-02T22:36:10+00:00\",\"author\":{\"@id\":\"https:\\\/\\\/fatenis.com\\\/tenisandalucia\\\/#\\\/schema\\\/person\\\/6e4f9e148a5709ff48ce4a4a71de76d0\"},\"description\":\"La andaluza Eva Guerrero y la gallega Noelia Bouzo, esperanzas nacionales en el ITF de Baza\",\"breadcrumb\":{\"@id\":\"https:\\\/\\\/fatenis.com\\\/tenisandalucia\\\/la-andaluza-eva-guerrero-y-la-gallega-noelia-bouzo-esperanzas-nacionales-en-el-itf-de-baza\\\/#breadcrumb\"},\"inLanguage\":\"es\",\"potentialAction\":[{\"@type\":\"ReadAction\",\"target\":[\"https:\\\/\\\/fatenis.com\\\/tenisandalucia\\\/la-andaluza-eva-guerrero-y-la-gallega-noelia-bouzo-esperanzas-nacionales-en-el-itf-de-baza\\\/\"]}]},{\"@type\":\"ImageObject\",\"inLanguage\":\"es\",\"@id\":\"https:\\\/\\\/fatenis.com\\\/tenisandalucia\\\/la-andaluza-eva-guerrero-y-la-gallega-noelia-bouzo-esperanzas-nacionales-en-el-itf-de-baza\\\/#primaryimage\",\"url\":\"https:\\\/\\\/fatenis.com\\\/tenisandalucia\\\/wp-content\\\/uploads\\\/2025\\\/10\\\/20251003-itf-baza-1200.jpg\",\"contentUrl\":\"https:\\\/\\\/fatenis.com\\\/tenisandalucia\\\/wp-content\\\/uploads\\\/2025\\\/10\\\/20251003-itf-baza-1200.jpg\",\"width\":1200,\"height\":800,\"caption\":\"ITF W50 Baza\"},{\"@type\":\"BreadcrumbList\",\"@id\":\"https:\\\/\\\/fatenis.com\\\/tenisandalucia\\\/la-andaluza-eva-guerrero-y-la-gallega-noelia-bouzo-esperanzas-nacionales-en-el-itf-de-baza\\\/#breadcrumb\",\"itemListElement\":[{\"@type\":\"ListItem\",\"position\":1,\"name\":\"Portada\",\"item\":\"https:\\\/\\\/fatenis.com\\\/tenisandalucia\\\/\"},{\"@type\":\"ListItem\",\"position\":2,\"name\":\"La andaluza Eva Guerrero y la gallega Noelia Bouzo, esperanzas nacionales en el ITF de Baza\"}]},{\"@type\":\"WebSite\",\"@id\":\"https:\\\/\\\/fatenis.com\\\/tenisandalucia\\\/#website\",\"url\":\"https:\\\/\\\/fatenis.com\\\/tenisandalucia\\\/\",\"name\":\"Federaci\u00f3n Andaluza de Tenis\",\"description\":\"#TenisAndaluc\u00eda\",\"potentialAction\":[{\"@type\":\"SearchAction\",\"target\":{\"@type\":\"EntryPoint\",\"urlTemplate\":\"https:\\\/\\\/fatenis.com\\\/tenisandalucia\\\/?s={search_term_string}\"},\"query-input\":{\"@type\":\"PropertyValueSpecification\",\"valueRequired\":true,\"valueName\":\"search_term_string\"}}],\"inLanguage\":\"es\"},{\"@type\":\"Person\",\"@id\":\"https:\\\/\\\/fatenis.com\\\/tenisandalucia\\\/#\\\/schema\\\/person\\\/6e4f9e148a5709ff48ce4a4a71de76d0\",\"name\":\"Guillermo A. L\u00f3pez Calero\",\"image\":{\"@type\":\"ImageObject\",\"inLanguage\":\"es\",\"@id\":\"https:\\\/\\\/secure.gravatar.com\\\/avatar\\\/56986b4f3245232ee91ac6393808a5f8b12befd5887a0edc806307e113101986?s=96&d=mm&r=g\",\"url\":\"https:\\\/\\\/secure.gravatar.com\\\/avatar\\\/56986b4f3245232ee91ac6393808a5f8b12befd5887a0edc806307e113101986?s=96&d=mm&r=g\",\"contentUrl\":\"https:\\\/\\\/secure.gravatar.com\\\/avatar\\\/56986b4f3245232ee91ac6393808a5f8b12befd5887a0edc806307e113101986?s=96&d=mm&r=g\",\"caption\":\"Guillermo A. L\u00f3pez Calero\"},\"sameAs\":[\"fatenis\",\"fattenis\",\"https:\\\/\\\/x.com\\\/fattenis\"],\"url\":\"https:\\\/\\\/fatenis.com\\\/tenisandalucia\\\/author\\\/rrss\\\/\"}]}<\/script>\n<!-- \/ Yoast SEO plugin. -->","yoast_head_json":{"title":"La andaluza Eva Guerrero y la gallega Noelia Bouzo, esperanzas nacionales en el ITF de Baza &#8226; Federaci\u00f3n Andaluza de Tenis","description":"La andaluza Eva Guerrero y la gallega Noelia Bouzo, esperanzas nacionales en el ITF de Baza","robots":{"index":"index","follow":"follow","max-snippet":"max-snippet:-1","max-image-preview":"max-image-preview:large","max-video-preview":"max-video-preview:-1"},"canonical":"https:\/\/fatenis.com\/tenisandalucia\/la-andaluza-eva-guerrero-y-la-gallega-noelia-bouzo-esperanzas-nacionales-en-el-itf-de-baza\/","og_locale":"es_ES","og_type":"article","og_title":"La andaluza Eva Guerrero y la gallega Noelia Bouzo, esperanzas nacionales en el ITF de Baza","og_description":"La andaluza Eva Guerrero y la gallega Noelia Bouzo, esperanzas nacionales en el ITF de Baza","og_url":"https:\/\/fatenis.com\/tenisandalucia\/la-andaluza-eva-guerrero-y-la-gallega-noelia-bouzo-esperanzas-nacionales-en-el-itf-de-baza\/","og_site_name":"Federaci\u00f3n Andaluza de Tenis","article_author":"fatenis","article_published_time":"2025-10-02T22:36:10+00:00","og_image":[{"width":1200,"height":800,"url":"https:\/\/fatenis.com\/tenisandalucia\/wp-content\/uploads\/2025\/10\/20251003-itf-baza-1200.jpg","type":"image\/jpeg"}],"author":"Guillermo A. L\u00f3pez Calero","twitter_card":"summary_large_image","twitter_creator":"@fattenis","twitter_misc":{"Escrito por":"Guillermo A. L\u00f3pez Calero","Tiempo de lectura":"3 minutos"},"schema":{"@context":"https:\/\/schema.org","@graph":[{"@type":"Article","@id":"https:\/\/fatenis.com\/tenisandalucia\/la-andaluza-eva-guerrero-y-la-gallega-noelia-bouzo-esperanzas-nacionales-en-el-itf-de-baza\/#article","isPartOf":{"@id":"https:\/\/fatenis.com\/tenisandalucia\/la-andaluza-eva-guerrero-y-la-gallega-noelia-bouzo-esperanzas-nacionales-en-el-itf-de-baza\/"},"author":{"name":"Guillermo A. L\u00f3pez Calero","@id":"https:\/\/fatenis.com\/tenisandalucia\/#\/schema\/person\/6e4f9e148a5709ff48ce4a4a71de76d0"},"headline":"La andaluza Eva Guerrero y la gallega Noelia Bouzo, esperanzas nacionales en el ITF de Baza","datePublished":"2025-10-02T22:36:10+00:00","mainEntityOfPage":{"@id":"https:\/\/fatenis.com\/tenisandalucia\/la-andaluza-eva-guerrero-y-la-gallega-noelia-bouzo-esperanzas-nacionales-en-el-itf-de-baza\/"},"wordCount":646,"image":{"@id":"https:\/\/fatenis.com\/tenisandalucia\/la-andaluza-eva-guerrero-y-la-gallega-noelia-bouzo-esperanzas-nacionales-en-el-itf-de-baza\/#primaryimage"},"thumbnailUrl":"https:\/\/fatenis.com\/tenisandalucia\/wp-content\/uploads\/2025\/10\/20251003-itf-baza-1200.jpg","keywords":["ITF Baza"],"articleSection":["Noticias General"],"inLanguage":"es"},{"@type":"WebPage","@id":"https:\/\/fatenis.com\/tenisandalucia\/la-andaluza-eva-guerrero-y-la-gallega-noelia-bouzo-esperanzas-nacionales-en-el-itf-de-baza\/","url":"https:\/\/fatenis.com\/tenisandalucia\/la-andaluza-eva-guerrero-y-la-gallega-noelia-bouzo-esperanzas-nacionales-en-el-itf-de-baza\/","name":"La andaluza Eva Guerrero y la gallega Noelia Bouzo, esperanzas nacionales en el ITF de Baza &#8226; Federaci\u00f3n Andaluza de Tenis","isPartOf":{"@id":"https:\/\/fatenis.com\/tenisandalucia\/#website"},"primaryImageOfPage":{"@id":"https:\/\/fatenis.com\/tenisandalucia\/la-andaluza-eva-guerrero-y-la-gallega-noelia-bouzo-esperanzas-nacionales-en-el-itf-de-baza\/#primaryimage"},"image":{"@id":"https:\/\/fatenis.com\/tenisandalucia\/la-andaluza-eva-guerrero-y-la-gallega-noelia-bouzo-esperanzas-nacionales-en-el-itf-de-baza\/#primaryimage"},"thumbnailUrl":"https:\/\/fatenis.com\/tenisandalucia\/wp-content\/uploads\/2025\/10\/20251003-itf-baza-1200.jpg","datePublished":"2025-10-02T22:36:10+00:00","author":{"@id":"https:\/\/fatenis.com\/tenisandalucia\/#\/schema\/person\/6e4f9e148a5709ff48ce4a4a71de76d0"},"description":"La andaluza Eva Guerrero y la gallega Noelia Bouzo, esperanzas nacionales en el ITF de Baza","breadcrumb":{"@id":"https:\/\/fatenis.com\/tenisandalucia\/la-andaluza-eva-guerrero-y-la-gallega-noelia-bouzo-esperanzas-nacionales-en-el-itf-de-baza\/#breadcrumb"},"inLanguage":"es","potentialAction":[{"@type":"ReadAction","target":["https:\/\/fatenis.com\/tenisandalucia\/la-andaluza-eva-guerrero-y-la-gallega-noelia-bouzo-esperanzas-nacionales-en-el-itf-de-baza\/"]}]},{"@type":"ImageObject","inLanguage":"es","@id":"https:\/\/fatenis.com\/tenisandalucia\/la-andaluza-eva-guerrero-y-la-gallega-noelia-bouzo-esperanzas-nacionales-en-el-itf-de-baza\/#primaryimage","url":"https:\/\/fatenis.com\/tenisandalucia\/wp-content\/uploads\/2025\/10\/20251003-itf-baza-1200.jpg","contentUrl":"https:\/\/fatenis.com\/tenisandalucia\/wp-content\/uploads\/2025\/10\/20251003-itf-baza-1200.jpg","width":1200,"height":800,"caption":"ITF W50 Baza"},{"@type":"BreadcrumbList","@id":"https:\/\/fatenis.com\/tenisandalucia\/la-andaluza-eva-guerrero-y-la-gallega-noelia-bouzo-esperanzas-nacionales-en-el-itf-de-baza\/#breadcrumb","itemListElement":[{"@type":"ListItem","position":1,"name":"Portada","item":"https:\/\/fatenis.com\/tenisandalucia\/"},{"@type":"ListItem","position":2,"name":"La andaluza Eva Guerrero y la gallega Noelia Bouzo, esperanzas nacionales en el ITF de Baza"}]},{"@type":"WebSite","@id":"https:\/\/fatenis.com\/tenisandalucia\/#website","url":"https:\/\/fatenis.com\/tenisandalucia\/","name":"Federaci\u00f3n Andaluza de Tenis","description":"#TenisAndaluc\u00eda","potentialAction":[{"@type":"SearchAction","target":{"@type":"EntryPoint","urlTemplate":"https:\/\/fatenis.com\/tenisandalucia\/?s={search_term_string}"},"query-input":{"@type":"PropertyValueSpecification","valueRequired":true,"valueName":"search_term_string"}}],"inLanguage":"es"},{"@type":"Person","@id":"https:\/\/fatenis.com\/tenisandalucia\/#\/schema\/person\/6e4f9e148a5709ff48ce4a4a71de76d0","name":"Guillermo A. L\u00f3pez Calero","image":{"@type":"ImageObject","inLanguage":"es","@id":"https:\/\/secure.gravatar.com\/avatar\/56986b4f3245232ee91ac6393808a5f8b12befd5887a0edc806307e113101986?s=96&d=mm&r=g","url":"https:\/\/secure.gravatar.com\/avatar\/56986b4f3245232ee91ac6393808a5f8b12befd5887a0edc806307e113101986?s=96&d=mm&r=g","contentUrl":"https:\/\/secure.gravatar.com\/avatar\/56986b4f3245232ee91ac6393808a5f8b12befd5887a0edc806307e113101986?s=96&d=mm&r=g","caption":"Guillermo A. L\u00f3pez Calero"},"sameAs":["fatenis","fattenis","https:\/\/x.com\/fattenis"],"url":"https:\/\/fatenis.com\/tenisandalucia\/author\/rrss\/"}]}},"_links":{"self":[{"href":"https:\/\/fatenis.com\/tenisandalucia\/wp-json\/wp\/v2\/posts\/38248","targetHints":{"allow":["GET"]}}],"collection":[{"href":"https:\/\/fatenis.com\/tenisandalucia\/wp-json\/wp\/v2\/posts"}],"about":[{"href":"https:\/\/fatenis.com\/tenisandalucia\/wp-json\/wp\/v2\/types\/post"}],"author":[{"embeddable":true,"href":"https:\/\/fatenis.com\/tenisandalucia\/wp-json\/wp\/v2\/users\/17"}],"replies":[{"embeddable":true,"href":"https:\/\/fatenis.com\/tenisandalucia\/wp-json\/wp\/v2\/comments?post=38248"}],"version-history":[{"count":3,"href":"https:\/\/fatenis.com\/tenisandalucia\/wp-json\/wp\/v2\/posts\/38248\/revisions"}],"predecessor-version":[{"id":38252,"href":"https:\/\/fatenis.com\/tenisandalucia\/wp-json\/wp\/v2\/posts\/38248\/revisions\/38252"}],"wp:featuredmedia":[{"embeddable":true,"href":"https:\/\/fatenis.com\/tenisandalucia\/wp-json\/wp\/v2\/media\/38249"}],"wp:attachment":[{"href":"https:\/\/fatenis.com\/tenisandalucia\/wp-json\/wp\/v2\/media?parent=38248"}],"wp:term":[{"taxonomy":"category","embeddable":true,"href":"https:\/\/fatenis.com\/tenisandalucia\/wp-json\/wp\/v2\/categories?post=38248"},{"taxonomy":"post_tag","embeddable":true,"href":"https:\/\/fatenis.com\/tenisandalucia\/wp-json\/wp\/v2\/tags?post=38248"}],"curies":[{"name":"wp","href":"https:\/\/api.w.org\/{rel}","templated":true}]}}