{"id":38228,"date":"2025-10-01T19:32:08","date_gmt":"2025-10-01T17:32:08","guid":{"rendered":"https:\/\/fatenis.com\/tenisandalucia\/?p=38228"},"modified":"2025-10-03T08:17:42","modified_gmt":"2025-10-03T06:17:42","slug":"exjugadoras-wta-impartiran-en-la-copa-nadia-una-charla-sobre-psicologia-deportiva-en-el-tenis-juvenil-femenino","status":"publish","type":"post","link":"https:\/\/fatenis.com\/tenisandalucia\/exjugadoras-wta-impartiran-en-la-copa-nadia-una-charla-sobre-psicologia-deportiva-en-el-tenis-juvenil-femenino\/","title":{"rendered":"Exjugadoras WTA impartir\u00e1n en la Copa Nadia una charla sobre psicolog\u00eda deportiva en el tenis femenino juvenil"},"content":{"rendered":"<p>La <strong>Copa Nadia by JCastillo Seguros 2025<\/strong> impulsa la <strong>formaci\u00f3n<\/strong> con una <strong>ponencia sobre psicolog\u00eda aplicada al tenis femenino juvenil<\/strong>.<\/p>\n<p>&nbsp;<\/p>\n<p>En el marco de la <strong>9\u00aa edici\u00f3n de la Copa Nadia by JCastillo Seguros<\/strong>, <strong>torneo internacional femenino que forma parte del circuito ITF World Tennis Tour<\/strong>, se ha programado una ponencia de gran valor formativo bajo el t\u00edtulo <strong>&#8220;Psicolog\u00eda aplicada al tenis femenino juvenil&#8221;<\/strong>.<\/p>\n<p>&nbsp;<\/p>\n<p>La <strong>ponencia se celebrar\u00e1 el mi\u00e9rcoles 8 de octubre a las 11.30 horas, en la Federaci\u00f3n Andaluza de Tenis<\/strong>\u00a0y contar\u00e1 con un panel de ponentes de excepci\u00f3n, <strong>todas ellas ex jugadoras profesionales del circuito WTA<\/strong> con <strong>s\u00f3lida formaci\u00f3n acad\u00e9mica<\/strong>:<\/p>\n<ul>\n<li><strong>Estrella Cabeza<\/strong>, exjugadora WTA y Graduada en CAFYD<\/li>\n<li><strong>Ana Franco<\/strong>, exjugadora WTA y Licenciada en Psicolog\u00eda.<\/li>\n<li><strong>Marina Escobar<\/strong>, exjugadora WTA y Licenciada en Psicolog\u00eda<\/li>\n<\/ul>\n<p>&nbsp;<\/p>\n<p>La iniciativa, organizada <strong>en colaboraci\u00f3n con KIBOL, Centro de Psicolog\u00eda Deportiva<\/strong>, pone de relieve <strong>la apuesta de la Copa Nadia y de la Federaci\u00f3n Andaluza de Tenis<\/strong> por la <strong>formaci\u00f3n integral de las j\u00f3venes tenistas<\/strong>, abordando un aspecto esencial en el alto rendimiento: la fortaleza mental y emocional.<\/p>\n<p>&nbsp;<\/p>\n<p>Las <strong>personas interesadas<\/strong> en asistir deben <strong>confirmar su asistencia<\/strong> escribiendo a la direcci\u00f3n de correo electr\u00f3nico: <strong>sevilla@fatenis.com<\/strong><\/p>\n<p>&nbsp;<\/p>\n<p>Con este tipo de actividades, la <strong>Copa Nadia by JCastillo Seguros<\/strong>, reafirma su papel <strong>no s\u00f3lo como escaparate deportivo internacional<\/strong>, sino tambi\u00e9n como un <strong>espacio de formaci\u00f3n, crecimiento y transmisi\u00f3n de valores dentro del tenis femenino<\/strong>.<\/p>\n<p>&nbsp;<\/p>\n<p><img fetchpriority=\"high\" decoding=\"async\" class=\"alignnone size-large wp-image-38227\" src=\"https:\/\/fatenis.com\/tenisandalucia\/wp-content\/uploads\/2020\/01\/2025-copa-nadia-formacion-psicologia-tenis-juvenil-724x1024.jpeg\" alt=\"Ponencia Psicolog\u00eda aplicada al Tenis Femenino Juvenil - Copa Nadia by JCastillo 2025\" width=\"640\" height=\"905\" srcset=\"https:\/\/fatenis.com\/tenisandalucia\/wp-content\/uploads\/2020\/01\/2025-copa-nadia-formacion-psicologia-tenis-juvenil-724x1024.jpeg 724w, https:\/\/fatenis.com\/tenisandalucia\/wp-content\/uploads\/2020\/01\/2025-copa-nadia-formacion-psicologia-tenis-juvenil-212x300.jpeg 212w, https:\/\/fatenis.com\/tenisandalucia\/wp-content\/uploads\/2020\/01\/2025-copa-nadia-formacion-psicologia-tenis-juvenil-768x1086.jpeg 768w, https:\/\/fatenis.com\/tenisandalucia\/wp-content\/uploads\/2020\/01\/2025-copa-nadia-formacion-psicologia-tenis-juvenil-1086x1536.jpeg 1086w, https:\/\/fatenis.com\/tenisandalucia\/wp-content\/uploads\/2020\/01\/2025-copa-nadia-formacion-psicologia-tenis-juvenil.jpeg 1131w\" sizes=\"(max-width: 640px) 100vw, 640px\" \/><\/p>\n<p>&nbsp;<\/p>\n","protected":false},"excerpt":{"rendered":"<p>La Copa Nadia by JCastillo Seguros 2025 impulsa la formaci\u00f3n con una ponencia sobre psicolog\u00eda aplicada al tenis femenino juvenil. &nbsp; En el marco de la 9\u00aa edici\u00f3n de la Copa Nadia by JCastillo Seguros, torneo internacional femenino que forma parte del circuito ITF World Tennis Tour, se ha programado una ponencia de gran valor [&hellip;]<\/p>\n","protected":false},"author":17,"featured_media":38229,"comment_status":"closed","ping_status":"closed","sticky":false,"template":"","format":"standard","meta":{"_acf_changed":false,"_monsterinsights_skip_tracking":false,"footnotes":""},"categories":[12],"tags":[377,133,525],"class_list":["post-38228","post","type-post","status-publish","format-standard","has-post-thumbnail","hentry","category-noticias-general","tag-copa-nadia","tag-formacion","tag-psicologia"],"acf":[],"yoast_head":"<!-- This site is optimized with the Yoast SEO plugin v28.3 - https:\/\/yoast.com\/product\/yoast-seo-wordpress\/ -->\n<title>Exjugadoras WTA impartir\u00e1n en la Copa Nadia una charla sobre psicolog\u00eda deportiva en el tenis femenino juvenil &#8226; Federaci\u00f3n Andaluza de Tenis<\/title>\n<meta name=\"description\" content=\"Exjugadoras WTA impartir\u00e1n en la Copa Nadia una charla sobre psicolog\u00eda deportiva en el tenis femenino juvenil\" \/>\n<meta name=\"robots\" content=\"index, follow, max-snippet:-1, max-image-preview:large, max-video-preview:-1\" \/>\n<link rel=\"canonical\" href=\"https:\/\/fatenis.com\/tenisandalucia\/exjugadoras-wta-impartiran-en-la-copa-nadia-una-charla-sobre-psicologia-deportiva-en-el-tenis-juvenil-femenino\/\" \/>\n<meta property=\"og:locale\" content=\"es_ES\" \/>\n<meta property=\"og:type\" content=\"article\" \/>\n<meta property=\"og:title\" content=\"Exjugadoras WTA impartir\u00e1n en la Copa Nadia una charla sobre psicolog\u00eda deportiva en el tenis femenino juvenil\" \/>\n<meta property=\"og:description\" content=\"La Copa Nadia by JCastillo Seguros 2025 impulsa la formaci\u00f3n con una ponencia sobre psicolog\u00eda aplicada al tenis femenino juvenil.\" \/>\n<meta property=\"og:url\" content=\"https:\/\/fatenis.com\/tenisandalucia\/exjugadoras-wta-impartiran-en-la-copa-nadia-una-charla-sobre-psicologia-deportiva-en-el-tenis-juvenil-femenino\/\" \/>\n<meta property=\"og:site_name\" content=\"Federaci\u00f3n Andaluza de Tenis\" \/>\n<meta property=\"article:author\" content=\"fatenis\" \/>\n<meta property=\"article:published_time\" content=\"2025-10-01T17:32:08+00:00\" \/>\n<meta property=\"article:modified_time\" content=\"2025-10-03T06:17:42+00:00\" \/>\n<meta property=\"og:image\" content=\"https:\/\/fatenis.com\/tenisandalucia\/wp-content\/uploads\/2025\/10\/2025-copa-nadia-formacion-psicologia-tenis-juvenil-1200.jpg\" \/>\n\t<meta property=\"og:image:width\" content=\"1200\" \/>\n\t<meta property=\"og:image:height\" content=\"1050\" \/>\n\t<meta property=\"og:image:type\" content=\"image\/jpeg\" \/>\n<meta name=\"author\" content=\"Guillermo A. L\u00f3pez Calero\" \/>\n<meta name=\"twitter:card\" content=\"summary_large_image\" \/>\n<meta name=\"twitter:creator\" content=\"@fattenis\" \/>\n<meta name=\"twitter:label1\" content=\"Escrito por\" \/>\n\t<meta name=\"twitter:data1\" content=\"Guillermo A. L\u00f3pez Calero\" \/>\n\t<meta name=\"twitter:label2\" content=\"Tiempo de lectura\" \/>\n\t<meta name=\"twitter:data2\" content=\"2 minutos\" \/>\n<script type=\"application\/ld+json\" class=\"yoast-schema-graph\">{\"@context\":\"https:\\\/\\\/schema.org\",\"@graph\":[{\"@type\":\"Article\",\"@id\":\"https:\\\/\\\/fatenis.com\\\/tenisandalucia\\\/exjugadoras-wta-impartiran-en-la-copa-nadia-una-charla-sobre-psicologia-deportiva-en-el-tenis-juvenil-femenino\\\/#article\",\"isPartOf\":{\"@id\":\"https:\\\/\\\/fatenis.com\\\/tenisandalucia\\\/exjugadoras-wta-impartiran-en-la-copa-nadia-una-charla-sobre-psicologia-deportiva-en-el-tenis-juvenil-femenino\\\/\"},\"author\":{\"name\":\"Guillermo A. L\u00f3pez Calero\",\"@id\":\"https:\\\/\\\/fatenis.com\\\/tenisandalucia\\\/#\\\/schema\\\/person\\\/6e4f9e148a5709ff48ce4a4a71de76d0\"},\"headline\":\"Exjugadoras WTA impartir\u00e1n en la Copa Nadia una charla sobre psicolog\u00eda deportiva en el tenis femenino juvenil\",\"datePublished\":\"2025-10-01T17:32:08+00:00\",\"dateModified\":\"2025-10-03T06:17:42+00:00\",\"mainEntityOfPage\":{\"@id\":\"https:\\\/\\\/fatenis.com\\\/tenisandalucia\\\/exjugadoras-wta-impartiran-en-la-copa-nadia-una-charla-sobre-psicologia-deportiva-en-el-tenis-juvenil-femenino\\\/\"},\"wordCount\":277,\"image\":{\"@id\":\"https:\\\/\\\/fatenis.com\\\/tenisandalucia\\\/exjugadoras-wta-impartiran-en-la-copa-nadia-una-charla-sobre-psicologia-deportiva-en-el-tenis-juvenil-femenino\\\/#primaryimage\"},\"thumbnailUrl\":\"https:\\\/\\\/fatenis.com\\\/tenisandalucia\\\/wp-content\\\/uploads\\\/2025\\\/10\\\/2025-copa-nadia-formacion-psicologia-tenis-juvenil-1200.jpg\",\"keywords\":[\"Copa Nadia\",\"Formaci\u00f3n\",\"Psicolog\u00eda\"],\"articleSection\":[\"Noticias General\"],\"inLanguage\":\"es\"},{\"@type\":\"WebPage\",\"@id\":\"https:\\\/\\\/fatenis.com\\\/tenisandalucia\\\/exjugadoras-wta-impartiran-en-la-copa-nadia-una-charla-sobre-psicologia-deportiva-en-el-tenis-juvenil-femenino\\\/\",\"url\":\"https:\\\/\\\/fatenis.com\\\/tenisandalucia\\\/exjugadoras-wta-impartiran-en-la-copa-nadia-una-charla-sobre-psicologia-deportiva-en-el-tenis-juvenil-femenino\\\/\",\"name\":\"Exjugadoras WTA impartir\u00e1n en la Copa Nadia una charla sobre psicolog\u00eda deportiva en el tenis femenino juvenil &#8226; Federaci\u00f3n Andaluza de Tenis\",\"isPartOf\":{\"@id\":\"https:\\\/\\\/fatenis.com\\\/tenisandalucia\\\/#website\"},\"primaryImageOfPage\":{\"@id\":\"https:\\\/\\\/fatenis.com\\\/tenisandalucia\\\/exjugadoras-wta-impartiran-en-la-copa-nadia-una-charla-sobre-psicologia-deportiva-en-el-tenis-juvenil-femenino\\\/#primaryimage\"},\"image\":{\"@id\":\"https:\\\/\\\/fatenis.com\\\/tenisandalucia\\\/exjugadoras-wta-impartiran-en-la-copa-nadia-una-charla-sobre-psicologia-deportiva-en-el-tenis-juvenil-femenino\\\/#primaryimage\"},\"thumbnailUrl\":\"https:\\\/\\\/fatenis.com\\\/tenisandalucia\\\/wp-content\\\/uploads\\\/2025\\\/10\\\/2025-copa-nadia-formacion-psicologia-tenis-juvenil-1200.jpg\",\"datePublished\":\"2025-10-01T17:32:08+00:00\",\"dateModified\":\"2025-10-03T06:17:42+00:00\",\"author\":{\"@id\":\"https:\\\/\\\/fatenis.com\\\/tenisandalucia\\\/#\\\/schema\\\/person\\\/6e4f9e148a5709ff48ce4a4a71de76d0\"},\"description\":\"Exjugadoras WTA impartir\u00e1n en la Copa Nadia una charla sobre psicolog\u00eda deportiva en el tenis femenino juvenil\",\"breadcrumb\":{\"@id\":\"https:\\\/\\\/fatenis.com\\\/tenisandalucia\\\/exjugadoras-wta-impartiran-en-la-copa-nadia-una-charla-sobre-psicologia-deportiva-en-el-tenis-juvenil-femenino\\\/#breadcrumb\"},\"inLanguage\":\"es\",\"potentialAction\":[{\"@type\":\"ReadAction\",\"target\":[\"https:\\\/\\\/fatenis.com\\\/tenisandalucia\\\/exjugadoras-wta-impartiran-en-la-copa-nadia-una-charla-sobre-psicologia-deportiva-en-el-tenis-juvenil-femenino\\\/\"]}]},{\"@type\":\"ImageObject\",\"inLanguage\":\"es\",\"@id\":\"https:\\\/\\\/fatenis.com\\\/tenisandalucia\\\/exjugadoras-wta-impartiran-en-la-copa-nadia-una-charla-sobre-psicologia-deportiva-en-el-tenis-juvenil-femenino\\\/#primaryimage\",\"url\":\"https:\\\/\\\/fatenis.com\\\/tenisandalucia\\\/wp-content\\\/uploads\\\/2025\\\/10\\\/2025-copa-nadia-formacion-psicologia-tenis-juvenil-1200.jpg\",\"contentUrl\":\"https:\\\/\\\/fatenis.com\\\/tenisandalucia\\\/wp-content\\\/uploads\\\/2025\\\/10\\\/2025-copa-nadia-formacion-psicologia-tenis-juvenil-1200.jpg\",\"width\":1200,\"height\":1050,\"caption\":\"Copa Nadia by JCastillo Seguros - Formaci\u00f3n - Psicolog\u00eda aplicada al Tenis Femenino Juvenil\"},{\"@type\":\"BreadcrumbList\",\"@id\":\"https:\\\/\\\/fatenis.com\\\/tenisandalucia\\\/exjugadoras-wta-impartiran-en-la-copa-nadia-una-charla-sobre-psicologia-deportiva-en-el-tenis-juvenil-femenino\\\/#breadcrumb\",\"itemListElement\":[{\"@type\":\"ListItem\",\"position\":1,\"name\":\"Portada\",\"item\":\"https:\\\/\\\/fatenis.com\\\/tenisandalucia\\\/\"},{\"@type\":\"ListItem\",\"position\":2,\"name\":\"Exjugadoras WTA impartir\u00e1n en la Copa Nadia una charla sobre psicolog\u00eda deportiva en el tenis femenino juvenil\"}]},{\"@type\":\"WebSite\",\"@id\":\"https:\\\/\\\/fatenis.com\\\/tenisandalucia\\\/#website\",\"url\":\"https:\\\/\\\/fatenis.com\\\/tenisandalucia\\\/\",\"name\":\"Federaci\u00f3n Andaluza de Tenis\",\"description\":\"#TenisAndaluc\u00eda\",\"potentialAction\":[{\"@type\":\"SearchAction\",\"target\":{\"@type\":\"EntryPoint\",\"urlTemplate\":\"https:\\\/\\\/fatenis.com\\\/tenisandalucia\\\/?s={search_term_string}\"},\"query-input\":{\"@type\":\"PropertyValueSpecification\",\"valueRequired\":true,\"valueName\":\"search_term_string\"}}],\"inLanguage\":\"es\"},{\"@type\":\"Person\",\"@id\":\"https:\\\/\\\/fatenis.com\\\/tenisandalucia\\\/#\\\/schema\\\/person\\\/6e4f9e148a5709ff48ce4a4a71de76d0\",\"name\":\"Guillermo A. L\u00f3pez Calero\",\"image\":{\"@type\":\"ImageObject\",\"inLanguage\":\"es\",\"@id\":\"https:\\\/\\\/secure.gravatar.com\\\/avatar\\\/56986b4f3245232ee91ac6393808a5f8b12befd5887a0edc806307e113101986?s=96&d=mm&r=g\",\"url\":\"https:\\\/\\\/secure.gravatar.com\\\/avatar\\\/56986b4f3245232ee91ac6393808a5f8b12befd5887a0edc806307e113101986?s=96&d=mm&r=g\",\"contentUrl\":\"https:\\\/\\\/secure.gravatar.com\\\/avatar\\\/56986b4f3245232ee91ac6393808a5f8b12befd5887a0edc806307e113101986?s=96&d=mm&r=g\",\"caption\":\"Guillermo A. L\u00f3pez Calero\"},\"sameAs\":[\"fatenis\",\"fattenis\",\"https:\\\/\\\/x.com\\\/fattenis\"],\"url\":\"https:\\\/\\\/fatenis.com\\\/tenisandalucia\\\/author\\\/rrss\\\/\"}]}<\/script>\n<!-- \/ Yoast SEO plugin. -->","yoast_head_json":{"title":"Exjugadoras WTA impartir\u00e1n en la Copa Nadia una charla sobre psicolog\u00eda deportiva en el tenis femenino juvenil &#8226; Federaci\u00f3n Andaluza de Tenis","description":"Exjugadoras WTA impartir\u00e1n en la Copa Nadia una charla sobre psicolog\u00eda deportiva en el tenis femenino juvenil","robots":{"index":"index","follow":"follow","max-snippet":"max-snippet:-1","max-image-preview":"max-image-preview:large","max-video-preview":"max-video-preview:-1"},"canonical":"https:\/\/fatenis.com\/tenisandalucia\/exjugadoras-wta-impartiran-en-la-copa-nadia-una-charla-sobre-psicologia-deportiva-en-el-tenis-juvenil-femenino\/","og_locale":"es_ES","og_type":"article","og_title":"Exjugadoras WTA impartir\u00e1n en la Copa Nadia una charla sobre psicolog\u00eda deportiva en el tenis femenino juvenil","og_description":"La Copa Nadia by JCastillo Seguros 2025 impulsa la formaci\u00f3n con una ponencia sobre psicolog\u00eda aplicada al tenis femenino juvenil.","og_url":"https:\/\/fatenis.com\/tenisandalucia\/exjugadoras-wta-impartiran-en-la-copa-nadia-una-charla-sobre-psicologia-deportiva-en-el-tenis-juvenil-femenino\/","og_site_name":"Federaci\u00f3n Andaluza de Tenis","article_author":"fatenis","article_published_time":"2025-10-01T17:32:08+00:00","article_modified_time":"2025-10-03T06:17:42+00:00","og_image":[{"width":1200,"height":1050,"url":"https:\/\/fatenis.com\/tenisandalucia\/wp-content\/uploads\/2025\/10\/2025-copa-nadia-formacion-psicologia-tenis-juvenil-1200.jpg","type":"image\/jpeg"}],"author":"Guillermo A. L\u00f3pez Calero","twitter_card":"summary_large_image","twitter_creator":"@fattenis","twitter_misc":{"Escrito por":"Guillermo A. L\u00f3pez Calero","Tiempo de lectura":"2 minutos"},"schema":{"@context":"https:\/\/schema.org","@graph":[{"@type":"Article","@id":"https:\/\/fatenis.com\/tenisandalucia\/exjugadoras-wta-impartiran-en-la-copa-nadia-una-charla-sobre-psicologia-deportiva-en-el-tenis-juvenil-femenino\/#article","isPartOf":{"@id":"https:\/\/fatenis.com\/tenisandalucia\/exjugadoras-wta-impartiran-en-la-copa-nadia-una-charla-sobre-psicologia-deportiva-en-el-tenis-juvenil-femenino\/"},"author":{"name":"Guillermo A. L\u00f3pez Calero","@id":"https:\/\/fatenis.com\/tenisandalucia\/#\/schema\/person\/6e4f9e148a5709ff48ce4a4a71de76d0"},"headline":"Exjugadoras WTA impartir\u00e1n en la Copa Nadia una charla sobre psicolog\u00eda deportiva en el tenis femenino juvenil","datePublished":"2025-10-01T17:32:08+00:00","dateModified":"2025-10-03T06:17:42+00:00","mainEntityOfPage":{"@id":"https:\/\/fatenis.com\/tenisandalucia\/exjugadoras-wta-impartiran-en-la-copa-nadia-una-charla-sobre-psicologia-deportiva-en-el-tenis-juvenil-femenino\/"},"wordCount":277,"image":{"@id":"https:\/\/fatenis.com\/tenisandalucia\/exjugadoras-wta-impartiran-en-la-copa-nadia-una-charla-sobre-psicologia-deportiva-en-el-tenis-juvenil-femenino\/#primaryimage"},"thumbnailUrl":"https:\/\/fatenis.com\/tenisandalucia\/wp-content\/uploads\/2025\/10\/2025-copa-nadia-formacion-psicologia-tenis-juvenil-1200.jpg","keywords":["Copa Nadia","Formaci\u00f3n","Psicolog\u00eda"],"articleSection":["Noticias General"],"inLanguage":"es"},{"@type":"WebPage","@id":"https:\/\/fatenis.com\/tenisandalucia\/exjugadoras-wta-impartiran-en-la-copa-nadia-una-charla-sobre-psicologia-deportiva-en-el-tenis-juvenil-femenino\/","url":"https:\/\/fatenis.com\/tenisandalucia\/exjugadoras-wta-impartiran-en-la-copa-nadia-una-charla-sobre-psicologia-deportiva-en-el-tenis-juvenil-femenino\/","name":"Exjugadoras WTA impartir\u00e1n en la Copa Nadia una charla sobre psicolog\u00eda deportiva en el tenis femenino juvenil &#8226; Federaci\u00f3n Andaluza de Tenis","isPartOf":{"@id":"https:\/\/fatenis.com\/tenisandalucia\/#website"},"primaryImageOfPage":{"@id":"https:\/\/fatenis.com\/tenisandalucia\/exjugadoras-wta-impartiran-en-la-copa-nadia-una-charla-sobre-psicologia-deportiva-en-el-tenis-juvenil-femenino\/#primaryimage"},"image":{"@id":"https:\/\/fatenis.com\/tenisandalucia\/exjugadoras-wta-impartiran-en-la-copa-nadia-una-charla-sobre-psicologia-deportiva-en-el-tenis-juvenil-femenino\/#primaryimage"},"thumbnailUrl":"https:\/\/fatenis.com\/tenisandalucia\/wp-content\/uploads\/2025\/10\/2025-copa-nadia-formacion-psicologia-tenis-juvenil-1200.jpg","datePublished":"2025-10-01T17:32:08+00:00","dateModified":"2025-10-03T06:17:42+00:00","author":{"@id":"https:\/\/fatenis.com\/tenisandalucia\/#\/schema\/person\/6e4f9e148a5709ff48ce4a4a71de76d0"},"description":"Exjugadoras WTA impartir\u00e1n en la Copa Nadia una charla sobre psicolog\u00eda deportiva en el tenis femenino juvenil","breadcrumb":{"@id":"https:\/\/fatenis.com\/tenisandalucia\/exjugadoras-wta-impartiran-en-la-copa-nadia-una-charla-sobre-psicologia-deportiva-en-el-tenis-juvenil-femenino\/#breadcrumb"},"inLanguage":"es","potentialAction":[{"@type":"ReadAction","target":["https:\/\/fatenis.com\/tenisandalucia\/exjugadoras-wta-impartiran-en-la-copa-nadia-una-charla-sobre-psicologia-deportiva-en-el-tenis-juvenil-femenino\/"]}]},{"@type":"ImageObject","inLanguage":"es","@id":"https:\/\/fatenis.com\/tenisandalucia\/exjugadoras-wta-impartiran-en-la-copa-nadia-una-charla-sobre-psicologia-deportiva-en-el-tenis-juvenil-femenino\/#primaryimage","url":"https:\/\/fatenis.com\/tenisandalucia\/wp-content\/uploads\/2025\/10\/2025-copa-nadia-formacion-psicologia-tenis-juvenil-1200.jpg","contentUrl":"https:\/\/fatenis.com\/tenisandalucia\/wp-content\/uploads\/2025\/10\/2025-copa-nadia-formacion-psicologia-tenis-juvenil-1200.jpg","width":1200,"height":1050,"caption":"Copa Nadia by JCastillo Seguros - Formaci\u00f3n - Psicolog\u00eda aplicada al Tenis Femenino Juvenil"},{"@type":"BreadcrumbList","@id":"https:\/\/fatenis.com\/tenisandalucia\/exjugadoras-wta-impartiran-en-la-copa-nadia-una-charla-sobre-psicologia-deportiva-en-el-tenis-juvenil-femenino\/#breadcrumb","itemListElement":[{"@type":"ListItem","position":1,"name":"Portada","item":"https:\/\/fatenis.com\/tenisandalucia\/"},{"@type":"ListItem","position":2,"name":"Exjugadoras WTA impartir\u00e1n en la Copa Nadia una charla sobre psicolog\u00eda deportiva en el tenis femenino juvenil"}]},{"@type":"WebSite","@id":"https:\/\/fatenis.com\/tenisandalucia\/#website","url":"https:\/\/fatenis.com\/tenisandalucia\/","name":"Federaci\u00f3n Andaluza de Tenis","description":"#TenisAndaluc\u00eda","potentialAction":[{"@type":"SearchAction","target":{"@type":"EntryPoint","urlTemplate":"https:\/\/fatenis.com\/tenisandalucia\/?s={search_term_string}"},"query-input":{"@type":"PropertyValueSpecification","valueRequired":true,"valueName":"search_term_string"}}],"inLanguage":"es"},{"@type":"Person","@id":"https:\/\/fatenis.com\/tenisandalucia\/#\/schema\/person\/6e4f9e148a5709ff48ce4a4a71de76d0","name":"Guillermo A. L\u00f3pez Calero","image":{"@type":"ImageObject","inLanguage":"es","@id":"https:\/\/secure.gravatar.com\/avatar\/56986b4f3245232ee91ac6393808a5f8b12befd5887a0edc806307e113101986?s=96&d=mm&r=g","url":"https:\/\/secure.gravatar.com\/avatar\/56986b4f3245232ee91ac6393808a5f8b12befd5887a0edc806307e113101986?s=96&d=mm&r=g","contentUrl":"https:\/\/secure.gravatar.com\/avatar\/56986b4f3245232ee91ac6393808a5f8b12befd5887a0edc806307e113101986?s=96&d=mm&r=g","caption":"Guillermo A. L\u00f3pez Calero"},"sameAs":["fatenis","fattenis","https:\/\/x.com\/fattenis"],"url":"https:\/\/fatenis.com\/tenisandalucia\/author\/rrss\/"}]}},"_links":{"self":[{"href":"https:\/\/fatenis.com\/tenisandalucia\/wp-json\/wp\/v2\/posts\/38228","targetHints":{"allow":["GET"]}}],"collection":[{"href":"https:\/\/fatenis.com\/tenisandalucia\/wp-json\/wp\/v2\/posts"}],"about":[{"href":"https:\/\/fatenis.com\/tenisandalucia\/wp-json\/wp\/v2\/types\/post"}],"author":[{"embeddable":true,"href":"https:\/\/fatenis.com\/tenisandalucia\/wp-json\/wp\/v2\/users\/17"}],"replies":[{"embeddable":true,"href":"https:\/\/fatenis.com\/tenisandalucia\/wp-json\/wp\/v2\/comments?post=38228"}],"version-history":[{"count":4,"href":"https:\/\/fatenis.com\/tenisandalucia\/wp-json\/wp\/v2\/posts\/38228\/revisions"}],"predecessor-version":[{"id":38254,"href":"https:\/\/fatenis.com\/tenisandalucia\/wp-json\/wp\/v2\/posts\/38228\/revisions\/38254"}],"wp:featuredmedia":[{"embeddable":true,"href":"https:\/\/fatenis.com\/tenisandalucia\/wp-json\/wp\/v2\/media\/38229"}],"wp:attachment":[{"href":"https:\/\/fatenis.com\/tenisandalucia\/wp-json\/wp\/v2\/media?parent=38228"}],"wp:term":[{"taxonomy":"category","embeddable":true,"href":"https:\/\/fatenis.com\/tenisandalucia\/wp-json\/wp\/v2\/categories?post=38228"},{"taxonomy":"post_tag","embeddable":true,"href":"https:\/\/fatenis.com\/tenisandalucia\/wp-json\/wp\/v2\/tags?post=38228"}],"curies":[{"name":"wp","href":"https:\/\/api.w.org\/{rel}","templated":true}]}}